{"id":13605,"date":"2023-02-27T15:37:12","date_gmt":"2023-02-27T18:37:12","guid":{"rendered":"https:\/\/abelfigueiredo.pa.gov.br\/?p=13605"},"modified":"2023-02-27T15:37:12","modified_gmt":"2023-02-27T18:37:12","slug":"consultas-e-exames","status":"publish","type":"post","link":"https:\/\/abelfigueiredo.pa.gov.br\/site\/consultas-e-exames\/","title":{"rendered":"Consultas e Exames"},"content":{"rendered":"<div>\n<div class=\"\" dir=\"auto\">\n<div id=\"jsc_c_l1\" class=\"x1iorvi4 x1pi30zi x1swvt13 x1l90r2v\" data-ad-comet-preview=\"message\" data-ad-preview=\"message\">\n<div class=\"x78zum5 xdt5ytf xz62fqu x16ldp7u\">\n<div class=\"xu06os2 x1ok221b\">\n<div class=\"x11i5rnm xat24cr x1mh8g0r x1vvkbs xdj266r x126k92a\">\n<div dir=\"auto\">A Prefeitura de Abel Figueiredo atrav\u00e9s da Secretaria Municipal de Sa\u00fade em parceria com Instituto de Oftalmologia do Brasil ( IOB) e o Vereador Diones Enfermeiro, realizam de 27 de fevereiro a 03 de mar\u00e7o esta grande a\u00e7\u00e3o de sa\u00fade da vis\u00e3o em Abel Figueiredo com consultas e exames gratuitos, participe!<\/div>\n<\/div>\n<div class=\"x11i5rnm xat24cr x1mh8g0r x1vvkbs xtlvy1s x126k92a\">\n<div dir=\"auto\"><a class=\"x1i10hfl xjbqb8w x6umtig x1b1mbwd xaqea5y xav7gou x9f619 x1ypdohk xt0psk2 xe8uvvx xdj266r x11i5rnm xat24cr x1mh8g0r xexx8yu x4uap5 x18d9i69 xkhd6sd x16tdsg8 x1hl2dhg xggy1nq x1a2a7pz xt0b8zv x1qq9wsj xo1l8bm\" tabindex=\"0\" role=\"link\" href=\"https:\/\/www.facebook.com\/hashtag\/prefeituradeabel?__eep__=6&amp;__cft__[0]=AZWmdokbKWuzVUu2VhvwaaFxjgjRj0E5SVS6PVlr6EmtJooMOXUBRtV4tnz0wSb74MEnJpKPrBvf05bzGFWL6Lbq06dGbiLBDJ8oU-zXFbxrGjAzG2HHAU2ON_F49JtE0d0_47FWdfZHbhfTXzAJcGxu&amp;__tn__=*NK-R\">#prefeituradeabel<\/a><\/div>\n<div dir=\"auto\"><a class=\"x1i10hfl xjbqb8w x6umtig x1b1mbwd xaqea5y xav7gou x9f619 x1ypdohk xt0psk2 xe8uvvx xdj266r x11i5rnm xat24cr x1mh8g0r xexx8yu x4uap5 x18d9i69 xkhd6sd x16tdsg8 x1hl2dhg xggy1nq x1a2a7pz xt0b8zv x1qq9wsj xo1l8bm\" tabindex=\"0\" role=\"link\" href=\"https:\/\/www.facebook.com\/hashtag\/secdesaude?__eep__=6&amp;__cft__[0]=AZWmdokbKWuzVUu2VhvwaaFxjgjRj0E5SVS6PVlr6EmtJooMOXUBRtV4tnz0wSb74MEnJpKPrBvf05bzGFWL6Lbq06dGbiLBDJ8oU-zXFbxrGjAzG2HHAU2ON_F49JtE0d0_47FWdfZHbhfTXzAJcGxu&amp;__tn__=*NK-R\">#secdesaude<\/a><\/div>\n<div dir=\"auto\"><a class=\"x1i10hfl xjbqb8w x6umtig x1b1mbwd xaqea5y xav7gou x9f619 x1ypdohk xt0psk2 xe8uvvx xdj266r x11i5rnm xat24cr x1mh8g0r xexx8yu x4uap5 x18d9i69 xkhd6sd x16tdsg8 x1hl2dhg xggy1nq x1a2a7pz xt0b8zv x1qq9wsj xo1l8bm\" tabindex=\"0\" role=\"link\" href=\"https:\/\/www.facebook.com\/hashtag\/trabalhandoparaopovo?__eep__=6&amp;__cft__[0]=AZWmdokbKWuzVUu2VhvwaaFxjgjRj0E5SVS6PVlr6EmtJooMOXUBRtV4tnz0wSb74MEnJpKPrBvf05bzGFWL6Lbq06dGbiLBDJ8oU-zXFbxrGjAzG2HHAU2ON_F49JtE0d0_47FWdfZHbhfTXzAJcGxu&amp;__tn__=*NK-R\">#trabalhandoparaopovo<\/a><\/div>\n<\/div>\n<\/div>\n<\/div>\n<\/div>\n<\/div>\n<div id=\"jsc_c_l2\" class=\"x1n2onr6\">\n<div class=\"x1n2onr6\">\n<div class=\"x6s0dn4 x78zum5 xdt5ytf x6ikm8r x10wlt62 x1n2onr6 xh8yej3 x1jx94hy\">\n<div>\n<div class=\"xqtp20y x6ikm8r x10wlt62 x1n2onr6\">\n<div class=\"x10l6tqk x13vifvy\"><img loading=\"lazy\" decoding=\"async\" class=\"x1ey2m1c xds687c x5yr21d x10l6tqk x17qophe x13vifvy xh8yej3 xl1xv1r\" src=\"https:\/\/scontent.fmab1-1.fna.fbcdn.net\/v\/t39.30808-6\/333231106_1200765533907574_7247771017057366521_n.jpg?_nc_cat=110&amp;ccb=1-7&amp;_nc_sid=730e14&amp;_nc_eui2=AeGXwdObZJ6w9nnLqDj7vkaZTVwRhxgAVpBNXBGHGABWkOcON4AVmJVipryjxI92OXQmjLlubM75SzYv1anUBK15&amp;_nc_ohc=zTVNrMTtGEkAX-JYceC&amp;_nc_ht=scontent.fmab1-1.fna&amp;oh=00_AfANl67QH4avfoZla3_zeKYciBPvyQYSumGLE3esLQXOAg&amp;oe=64048900\" alt=\"Pode ser uma imagem de 1 pessoa, \u00f3culos e texto que diz &quot;IOB Instituto de Oftalmologia do Brasil RETINOGRAFIA TONOMETRIA REFRA\u00c7\u00c3O (COMPUTADORIZADA) ATENDIMENTO COM M\u00c9DICO OFTALMOLOGISTA GRA TUITO CONSULTAS CONSULTAS E EXAMES 27\/02 27\/02\u00e103\/03 08:00h \u00e1s 17:00h Secretaria de sa\u00fade Travessa S\u00e3o Jorge 457, em frente ao mercado Municipal PREFEITURA ABEL FIGUEIREDO 200.2 Trabalhando para Povo! Apoio: SECRETARIA DE SA\u00daDE Yereador CORAGEM, RESPEITOE HUMILDADE.&quot;\" width=\"685\" height=\"960\" \/><\/div>\n<\/div>\n<\/div>\n<\/div>\n<div class=\"xua58t2 xzg4506 x1ey2m1c xds687c x47corl x10l6tqk x17qophe x13vifvy\"><\/div>\n<div class=\"x1o1ewxj x3x9cwd x1e5q0jg x13rtm0m x1ey2m1c xds687c xg01cxk x47corl x10l6tqk x17qophe x13vifvy x1ebt8du x19991ni x1dhq9h xobhos8\" data-visualcompletion=\"ignore\"><\/div>\n<\/div>\n<\/div>\n<\/div>\n","protected":false},"excerpt":{"rendered":"<p>A Prefeitura de Abel Figueiredo atrav\u00e9s da Secretaria Municipal de Sa\u00fade em parceria com Instituto de Oftalmologia do Brasil ( IOB) e o Vereador Diones Enfermeiro, realizam de 27 de fevereiro a 03 de mar\u00e7o esta grande a\u00e7\u00e3o de sa\u00fade da vis\u00e3o em Abel Figueiredo com consultas e exames gratuitos, participe! #prefeituradeabel #secdesaude #trabalhandoparaopovo<\/p>\n","protected":false},"author":25,"featured_media":13606,"comment_status":"closed","ping_status":"closed","sticky":false,"template":"","format":"standard","meta":{"footnotes":""},"categories":[1],"tags":[],"class_list":{"0":"post-13605","1":"post","2":"type-post","3":"status-publish","4":"format-standard","5":"has-post-thumbnail","7":"category-noticias"},"yoast_head":"<!-- This site is optimized with the Yoast SEO plugin v26.6 - https:\/\/yoast.com\/wordpress\/plugins\/seo\/ -->\n<title>Consultas e Exames - Prefeitura Municipal de Abel Figueiredo | Gest\u00e3o 2025-2028<\/title>\n<meta name=\"robots\" content=\"index, follow, max-snippet:-1, max-image-preview:large, max-video-preview:-1\" \/>\n<link rel=\"canonical\" href=\"https:\/\/abelfigueiredo.pa.gov.br\/site\/consultas-e-exames\/\" \/>\n<meta property=\"og:locale\" content=\"pt_BR\" \/>\n<meta property=\"og:type\" content=\"article\" \/>\n<meta property=\"og:title\" content=\"Consultas e Exames - Prefeitura Municipal de Abel Figueiredo | Gest\u00e3o 2025-2028\" \/>\n<meta property=\"og:description\" content=\"A Prefeitura de Abel Figueiredo atrav\u00e9s da Secretaria Municipal de Sa\u00fade em parceria com Instituto de Oftalmologia do Brasil ( IOB) e o Vereador Diones Enfermeiro, realizam de 27 de fevereiro a 03 de mar\u00e7o esta grande a\u00e7\u00e3o de sa\u00fade da vis\u00e3o em Abel Figueiredo com consultas e exames gratuitos, participe! #prefeituradeabel #secdesaude #trabalhandoparaopovo\" \/>\n<meta property=\"og:url\" content=\"https:\/\/abelfigueiredo.pa.gov.br\/site\/consultas-e-exames\/\" \/>\n<meta property=\"og:site_name\" content=\"Prefeitura Municipal de Abel Figueiredo | Gest\u00e3o 2025-2028\" \/>\n<meta property=\"article:published_time\" content=\"2023-02-27T18:37:12+00:00\" \/>\n<meta property=\"og:image\" content=\"https:\/\/scontent.fmab1-1.fna.fbcdn.net\/v\/t39.30808-6\/333231106_1200765533907574_7247771017057366521_n.jpg?_nc_cat=110&amp;ccb=1-7&amp;_nc_sid=730e14&amp;_nc_eui2=AeGXwdObZJ6w9nnLqDj7vkaZTVwRhxgAVpBNXBGHGABWkOcON4AVmJVipryjxI92OXQmjLlubM75SzYv1anUBK15&amp;_nc_ohc=zTVNrMTtGEkAX-JYceC&amp;_nc_ht=scontent.fmab1-1.fna&amp;oh=00_AfANl67QH4avfoZla3_zeKYciBPvyQYSumGLE3esLQXOAg&amp;oe=64048900\" \/>\n<meta name=\"author\" content=\"cr2-admin7\" \/>\n<meta name=\"twitter:label1\" content=\"Escrito por\" \/>\n\t<meta name=\"twitter:data1\" content=\"cr2-admin7\" \/>\n<script type=\"application\/ld+json\" class=\"yoast-schema-graph\">{\"@context\":\"https:\/\/schema.org\",\"@graph\":[{\"@type\":\"WebPage\",\"@id\":\"https:\/\/abelfigueiredo.pa.gov.br\/site\/consultas-e-exames\/\",\"url\":\"https:\/\/abelfigueiredo.pa.gov.br\/site\/consultas-e-exames\/\",\"name\":\"Consultas e Exames - Prefeitura Municipal de Abel Figueiredo | Gest\u00e3o 2025-2028\",\"isPartOf\":{\"@id\":\"https:\/\/abelfigueiredo.pa.gov.br\/site\/#website\"},\"primaryImageOfPage\":{\"@id\":\"https:\/\/abelfigueiredo.pa.gov.br\/site\/consultas-e-exames\/#primaryimage\"},\"image\":{\"@id\":\"https:\/\/abelfigueiredo.pa.gov.br\/site\/consultas-e-exames\/#primaryimage\"},\"thumbnailUrl\":\"\",\"datePublished\":\"2023-02-27T18:37:12+00:00\",\"author\":{\"@id\":\"https:\/\/abelfigueiredo.pa.gov.br\/site\/#\/schema\/person\/8ad42264973e06f0c04ce0da9b13d6eb\"},\"inLanguage\":\"pt-BR\",\"potentialAction\":[{\"@type\":\"ReadAction\",\"target\":[\"https:\/\/abelfigueiredo.pa.gov.br\/site\/consultas-e-exames\/\"]}]},{\"@type\":\"ImageObject\",\"inLanguage\":\"pt-BR\",\"@id\":\"https:\/\/abelfigueiredo.pa.gov.br\/site\/consultas-e-exames\/#primaryimage\",\"url\":\"\",\"contentUrl\":\"\"},{\"@type\":\"WebSite\",\"@id\":\"https:\/\/abelfigueiredo.pa.gov.br\/site\/#website\",\"url\":\"https:\/\/abelfigueiredo.pa.gov.br\/site\/\",\"name\":\"Prefeitura Municipal de Abel Figueiredo | Gest\u00e3o 2025-2028\",\"description\":\"Site oficial da Prefeitura Municipal de Abel Figueiredo\",\"potentialAction\":[{\"@type\":\"SearchAction\",\"target\":{\"@type\":\"EntryPoint\",\"urlTemplate\":\"https:\/\/abelfigueiredo.pa.gov.br\/site\/?s={search_term_string}\"},\"query-input\":{\"@type\":\"PropertyValueSpecification\",\"valueRequired\":true,\"valueName\":\"search_term_string\"}}],\"inLanguage\":\"pt-BR\"},{\"@type\":\"Person\",\"@id\":\"https:\/\/abelfigueiredo.pa.gov.br\/site\/#\/schema\/person\/8ad42264973e06f0c04ce0da9b13d6eb\",\"name\":\"cr2-admin7\",\"image\":{\"@type\":\"ImageObject\",\"inLanguage\":\"pt-BR\",\"@id\":\"https:\/\/abelfigueiredo.pa.gov.br\/site\/#\/schema\/person\/image\/\",\"url\":\"https:\/\/secure.gravatar.com\/avatar\/7e0402aa11e91bb8aa8a7c6b64146517a7337d48fdac50e07c495efd61016444?s=96&d=mm&r=g\",\"contentUrl\":\"https:\/\/secure.gravatar.com\/avatar\/7e0402aa11e91bb8aa8a7c6b64146517a7337d48fdac50e07c495efd61016444?s=96&d=mm&r=g\",\"caption\":\"cr2-admin7\"},\"url\":\"https:\/\/abelfigueiredo.pa.gov.br\/site\/author\/cr2-admin7\/\"}]}<\/script>\n<!-- \/ Yoast SEO plugin. -->","yoast_head_json":{"title":"Consultas e Exames - Prefeitura Municipal de Abel Figueiredo | Gest\u00e3o 2025-2028","robots":{"index":"index","follow":"follow","max-snippet":"max-snippet:-1","max-image-preview":"max-image-preview:large","max-video-preview":"max-video-preview:-1"},"canonical":"https:\/\/abelfigueiredo.pa.gov.br\/site\/consultas-e-exames\/","og_locale":"pt_BR","og_type":"article","og_title":"Consultas e Exames - Prefeitura Municipal de Abel Figueiredo | Gest\u00e3o 2025-2028","og_description":"A Prefeitura de Abel Figueiredo atrav\u00e9s da Secretaria Municipal de Sa\u00fade em parceria com Instituto de Oftalmologia do Brasil ( IOB) e o Vereador Diones Enfermeiro, realizam de 27 de fevereiro a 03 de mar\u00e7o esta grande a\u00e7\u00e3o de sa\u00fade da vis\u00e3o em Abel Figueiredo com consultas e exames gratuitos, participe! #prefeituradeabel #secdesaude #trabalhandoparaopovo","og_url":"https:\/\/abelfigueiredo.pa.gov.br\/site\/consultas-e-exames\/","og_site_name":"Prefeitura Municipal de Abel Figueiredo | Gest\u00e3o 2025-2028","article_published_time":"2023-02-27T18:37:12+00:00","og_image":[{"url":"https:\/\/scontent.fmab1-1.fna.fbcdn.net\/v\/t39.30808-6\/333231106_1200765533907574_7247771017057366521_n.jpg?_nc_cat=110&amp;ccb=1-7&amp;_nc_sid=730e14&amp;_nc_eui2=AeGXwdObZJ6w9nnLqDj7vkaZTVwRhxgAVpBNXBGHGABWkOcON4AVmJVipryjxI92OXQmjLlubM75SzYv1anUBK15&amp;_nc_ohc=zTVNrMTtGEkAX-JYceC&amp;_nc_ht=scontent.fmab1-1.fna&amp;oh=00_AfANl67QH4avfoZla3_zeKYciBPvyQYSumGLE3esLQXOAg&amp;oe=64048900","type":"","width":"","height":""}],"author":"cr2-admin7","twitter_misc":{"Escrito por":"cr2-admin7"},"schema":{"@context":"https:\/\/schema.org","@graph":[{"@type":"WebPage","@id":"https:\/\/abelfigueiredo.pa.gov.br\/site\/consultas-e-exames\/","url":"https:\/\/abelfigueiredo.pa.gov.br\/site\/consultas-e-exames\/","name":"Consultas e Exames - Prefeitura Municipal de Abel Figueiredo | Gest\u00e3o 2025-2028","isPartOf":{"@id":"https:\/\/abelfigueiredo.pa.gov.br\/site\/#website"},"primaryImageOfPage":{"@id":"https:\/\/abelfigueiredo.pa.gov.br\/site\/consultas-e-exames\/#primaryimage"},"image":{"@id":"https:\/\/abelfigueiredo.pa.gov.br\/site\/consultas-e-exames\/#primaryimage"},"thumbnailUrl":"","datePublished":"2023-02-27T18:37:12+00:00","author":{"@id":"https:\/\/abelfigueiredo.pa.gov.br\/site\/#\/schema\/person\/8ad42264973e06f0c04ce0da9b13d6eb"},"inLanguage":"pt-BR","potentialAction":[{"@type":"ReadAction","target":["https:\/\/abelfigueiredo.pa.gov.br\/site\/consultas-e-exames\/"]}]},{"@type":"ImageObject","inLanguage":"pt-BR","@id":"https:\/\/abelfigueiredo.pa.gov.br\/site\/consultas-e-exames\/#primaryimage","url":"","contentUrl":""},{"@type":"WebSite","@id":"https:\/\/abelfigueiredo.pa.gov.br\/site\/#website","url":"https:\/\/abelfigueiredo.pa.gov.br\/site\/","name":"Prefeitura Municipal de Abel Figueiredo | Gest\u00e3o 2025-2028","description":"Site oficial da Prefeitura Municipal de Abel Figueiredo","potentialAction":[{"@type":"SearchAction","target":{"@type":"EntryPoint","urlTemplate":"https:\/\/abelfigueiredo.pa.gov.br\/site\/?s={search_term_string}"},"query-input":{"@type":"PropertyValueSpecification","valueRequired":true,"valueName":"search_term_string"}}],"inLanguage":"pt-BR"},{"@type":"Person","@id":"https:\/\/abelfigueiredo.pa.gov.br\/site\/#\/schema\/person\/8ad42264973e06f0c04ce0da9b13d6eb","name":"cr2-admin7","image":{"@type":"ImageObject","inLanguage":"pt-BR","@id":"https:\/\/abelfigueiredo.pa.gov.br\/site\/#\/schema\/person\/image\/","url":"https:\/\/secure.gravatar.com\/avatar\/7e0402aa11e91bb8aa8a7c6b64146517a7337d48fdac50e07c495efd61016444?s=96&d=mm&r=g","contentUrl":"https:\/\/secure.gravatar.com\/avatar\/7e0402aa11e91bb8aa8a7c6b64146517a7337d48fdac50e07c495efd61016444?s=96&d=mm&r=g","caption":"cr2-admin7"},"url":"https:\/\/abelfigueiredo.pa.gov.br\/site\/author\/cr2-admin7\/"}]}},"_links":{"self":[{"href":"https:\/\/abelfigueiredo.pa.gov.br\/site\/wp-json\/wp\/v2\/posts\/13605","targetHints":{"allow":["GET"]}}],"collection":[{"href":"https:\/\/abelfigueiredo.pa.gov.br\/site\/wp-json\/wp\/v2\/posts"}],"about":[{"href":"https:\/\/abelfigueiredo.pa.gov.br\/site\/wp-json\/wp\/v2\/types\/post"}],"author":[{"embeddable":true,"href":"https:\/\/abelfigueiredo.pa.gov.br\/site\/wp-json\/wp\/v2\/users\/25"}],"replies":[{"embeddable":true,"href":"https:\/\/abelfigueiredo.pa.gov.br\/site\/wp-json\/wp\/v2\/comments?post=13605"}],"version-history":[{"count":0,"href":"https:\/\/abelfigueiredo.pa.gov.br\/site\/wp-json\/wp\/v2\/posts\/13605\/revisions"}],"wp:featuredmedia":[{"embeddable":true,"href":"https:\/\/abelfigueiredo.pa.gov.br\/site\/wp-json\/"}],"wp:attachment":[{"href":"https:\/\/abelfigueiredo.pa.gov.br\/site\/wp-json\/wp\/v2\/media?parent=13605"}],"wp:term":[{"taxonomy":"category","embeddable":true,"href":"https:\/\/abelfigueiredo.pa.gov.br\/site\/wp-json\/wp\/v2\/categories?post=13605"},{"taxonomy":"post_tag","embeddable":true,"href":"https:\/\/abelfigueiredo.pa.gov.br\/site\/wp-json\/wp\/v2\/tags?post=13605"}],"curies":[{"name":"wp","href":"https:\/\/api.w.org\/{rel}","templated":true}]}}