{"id":11272,"date":"2022-08-01T14:33:23","date_gmt":"2022-08-01T17:33:23","guid":{"rendered":"https:\/\/abelfigueiredo.pa.gov.br\/?p=11272"},"modified":"2022-08-01T14:33:23","modified_gmt":"2022-08-01T17:33:23","slug":"palestra-sobre-a-tematica-avaliacao-da-aprendizagem","status":"publish","type":"post","link":"https:\/\/abelfigueiredo.pa.gov.br\/site\/palestra-sobre-a-tematica-avaliacao-da-aprendizagem\/","title":{"rendered":"Palestra sobre a tem\u00e1tica, Avalia\u00e7\u00e3o da Aprendizagem."},"content":{"rendered":"<div class=\"cxmmr5t8 oygrvhab hcukyx3x c1et5uql o9v6fnle ii04i59q\">\n<div dir=\"auto\"><a class=\"oajrlxb2 g5ia77u1 qu0x051f esr5mh6w e9989ue4 r7d6kgcz rq0escxv nhd2j8a9 nc684nl6 p7hjln8o kvgmc6g5 cxmmr5t8 oygrvhab hcukyx3x jb3vyjys rz4wbd8a qt6c0cv9 a8nywdso i1ao9s8h esuyzwwr f1sip0of lzcic4wl gpro0wi8 q66pz984 b1v8xokw\" tabindex=\"0\" role=\"link\" href=\"https:\/\/www.facebook.com\/hashtag\/compartilhe?__eep__=6&amp;__cft__[0]=AZWob9Gf79bKMVlfJZU58lTIF51nrn2SnIwRNEGrbmESS1VQwCfyE9frL9GD2ODiTtW12_xd4X26iVaFnhPruE63YmXigRJnxxfg0_ytT_9Rbr8AvzPZOUtlbz6Lth4H42VBvV1C1y5wpR9GlTKYSA8enSj4W0fGIV2Eym7XK3rKqg&amp;__tn__=*NK-R\">#compartilhe<\/a><\/div>\n<\/div>\n<div class=\"cxmmr5t8 oygrvhab hcukyx3x c1et5uql o9v6fnle ii04i59q\">\n<div dir=\"auto\">A Prefeitura Municipal de Abel Figueiredo atrav\u00e9s da Secretaria Municipal de Educa\u00e7\u00e3o realizou a abertura do 2\u00b0 Semestre Letivo, com a palestra sobre a tem\u00e1tica Avalia\u00e7\u00e3o da Aprendizagem, no Audit\u00f3rio da Secretaria de Promo\u00e7\u00e3o Social. Contou com a presen\u00e7a do Prefeito Ant\u00f4nio dos Santos Calhau, a Secret\u00e1ria Municipal de Educa\u00e7\u00e3o Rafaele Souza, a Diretora de Ensino Claudia Souza, professores, gestores e coordenadores da Rede Municipal de Ensino, professora Lenise Ferreira e Lino L\u00e9lis representando a Editora Moderna.<\/div>\n<\/div>\n<div class=\"cxmmr5t8 oygrvhab hcukyx3x c1et5uql o9v6fnle ii04i59q\">\n<div dir=\"auto\"><a class=\"oajrlxb2 g5ia77u1 qu0x051f esr5mh6w e9989ue4 r7d6kgcz rq0escxv nhd2j8a9 nc684nl6 p7hjln8o kvgmc6g5 cxmmr5t8 oygrvhab hcukyx3x jb3vyjys rz4wbd8a qt6c0cv9 a8nywdso i1ao9s8h esuyzwwr f1sip0of lzcic4wl gpro0wi8 q66pz984 b1v8xokw\" tabindex=\"0\" role=\"link\" href=\"https:\/\/www.facebook.com\/hashtag\/prefeituradeabel?__eep__=6&amp;__cft__[0]=AZWob9Gf79bKMVlfJZU58lTIF51nrn2SnIwRNEGrbmESS1VQwCfyE9frL9GD2ODiTtW12_xd4X26iVaFnhPruE63YmXigRJnxxfg0_ytT_9Rbr8AvzPZOUtlbz6Lth4H42VBvV1C1y5wpR9GlTKYSA8enSj4W0fGIV2Eym7XK3rKqg&amp;__tn__=*NK-R\">#prefeituradeabel<\/a><\/div>\n<div dir=\"auto\"><a class=\"oajrlxb2 g5ia77u1 qu0x051f esr5mh6w e9989ue4 r7d6kgcz rq0escxv nhd2j8a9 nc684nl6 p7hjln8o kvgmc6g5 cxmmr5t8 oygrvhab hcukyx3x jb3vyjys rz4wbd8a qt6c0cv9 a8nywdso i1ao9s8h esuyzwwr f1sip0of lzcic4wl gpro0wi8 q66pz984 b1v8xokw\" tabindex=\"0\" role=\"link\" href=\"https:\/\/www.facebook.com\/hashtag\/secdeeducacao?__eep__=6&amp;__cft__[0]=AZWob9Gf79bKMVlfJZU58lTIF51nrn2SnIwRNEGrbmESS1VQwCfyE9frL9GD2ODiTtW12_xd4X26iVaFnhPruE63YmXigRJnxxfg0_ytT_9Rbr8AvzPZOUtlbz6Lth4H42VBvV1C1y5wpR9GlTKYSA8enSj4W0fGIV2Eym7XK3rKqg&amp;__tn__=*NK-R\">#secdeeducacao<\/a><\/div>\n<div dir=\"auto\"><a class=\"oajrlxb2 g5ia77u1 qu0x051f esr5mh6w e9989ue4 r7d6kgcz rq0escxv nhd2j8a9 nc684nl6 p7hjln8o kvgmc6g5 cxmmr5t8 oygrvhab hcukyx3x jb3vyjys rz4wbd8a qt6c0cv9 a8nywdso i1ao9s8h esuyzwwr f1sip0of lzcic4wl gpro0wi8 q66pz984 b1v8xokw\" tabindex=\"0\" role=\"link\" href=\"https:\/\/www.facebook.com\/hashtag\/trabalhandoparaopovo?__eep__=6&amp;__cft__[0]=AZWob9Gf79bKMVlfJZU58lTIF51nrn2SnIwRNEGrbmESS1VQwCfyE9frL9GD2ODiTtW12_xd4X26iVaFnhPruE63YmXigRJnxxfg0_ytT_9Rbr8AvzPZOUtlbz6Lth4H42VBvV1C1y5wpR9GlTKYSA8enSj4W0fGIV2Eym7XK3rKqg&amp;__tn__=*NK-R\">#trabalhandoparaopovo<\/a><\/div>\n<div dir=\"auto\"><a href=\"https:\/\/abelfigueiredo.pa.gov.br\/wp-content\/uploads\/2022\/08\/Copia-de-ESCOLA-1-11.jpg\"><img loading=\"lazy\" decoding=\"async\" class=\"alignnone size-medium wp-image-11273\" src=\"https:\/\/abelfigueiredo.pa.gov.br\/wp-content\/uploads\/2022\/08\/Copia-de-ESCOLA-1-11-300x300.jpg\" alt=\"\" width=\"300\" height=\"300\" \/><\/a> <a href=\"https:\/\/abelfigueiredo.pa.gov.br\/wp-content\/uploads\/2022\/08\/Copia-de-ESCOLA-1-10.jpg\"><img loading=\"lazy\" decoding=\"async\" class=\"alignnone size-medium wp-image-11274\" src=\"https:\/\/abelfigueiredo.pa.gov.br\/wp-content\/uploads\/2022\/08\/Copia-de-ESCOLA-1-10-300x300.jpg\" alt=\"\" width=\"300\" height=\"300\" \/><\/a> <a href=\"https:\/\/abelfigueiredo.pa.gov.br\/wp-content\/uploads\/2022\/08\/Copia-de-ESCOLA-1-9.jpg\"><img loading=\"lazy\" decoding=\"async\" class=\"alignnone size-medium wp-image-11275\" src=\"https:\/\/abelfigueiredo.pa.gov.br\/wp-content\/uploads\/2022\/08\/Copia-de-ESCOLA-1-9-300x300.jpg\" alt=\"\" width=\"300\" height=\"300\" \/><\/a> <a href=\"https:\/\/abelfigueiredo.pa.gov.br\/wp-content\/uploads\/2022\/08\/Copia-de-ESCOLA-1-8.jpg\"><img loading=\"lazy\" decoding=\"async\" class=\"alignnone size-medium wp-image-11276\" src=\"https:\/\/abelfigueiredo.pa.gov.br\/wp-content\/uploads\/2022\/08\/Copia-de-ESCOLA-1-8-300x300.jpg\" alt=\"\" width=\"300\" height=\"300\" \/><\/a> <a href=\"https:\/\/abelfigueiredo.pa.gov.br\/wp-content\/uploads\/2022\/08\/Copia-de-ESCOLA-1-7.jpg\"><img loading=\"lazy\" decoding=\"async\" class=\"alignnone size-medium wp-image-11277\" src=\"https:\/\/abelfigueiredo.pa.gov.br\/wp-content\/uploads\/2022\/08\/Copia-de-ESCOLA-1-7-300x300.jpg\" alt=\"\" width=\"300\" height=\"300\" \/><\/a> <a href=\"https:\/\/abelfigueiredo.pa.gov.br\/wp-content\/uploads\/2022\/08\/Copia-de-ESCOLA-1-6.jpg\"><img loading=\"lazy\" decoding=\"async\" class=\"alignnone size-medium wp-image-11278\" src=\"https:\/\/abelfigueiredo.pa.gov.br\/wp-content\/uploads\/2022\/08\/Copia-de-ESCOLA-1-6-300x300.jpg\" alt=\"\" width=\"300\" height=\"300\" \/><\/a> <a href=\"https:\/\/abelfigueiredo.pa.gov.br\/wp-content\/uploads\/2022\/08\/Copia-de-ESCOLA-1-5.jpg\"><img loading=\"lazy\" decoding=\"async\" class=\"alignnone size-medium wp-image-11279\" src=\"https:\/\/abelfigueiredo.pa.gov.br\/wp-content\/uploads\/2022\/08\/Copia-de-ESCOLA-1-5-300x300.jpg\" alt=\"\" width=\"300\" height=\"300\" \/><\/a> <a href=\"https:\/\/abelfigueiredo.pa.gov.br\/wp-content\/uploads\/2022\/08\/Copia-de-ESCOLA-1-4.jpg\"><img loading=\"lazy\" decoding=\"async\" class=\"alignnone size-medium wp-image-11280\" src=\"https:\/\/abelfigueiredo.pa.gov.br\/wp-content\/uploads\/2022\/08\/Copia-de-ESCOLA-1-4-300x300.jpg\" alt=\"\" width=\"300\" height=\"300\" \/><\/a> <a href=\"https:\/\/abelfigueiredo.pa.gov.br\/wp-content\/uploads\/2022\/08\/Copia-de-ESCOLA-1-3.jpg\"><img loading=\"lazy\" decoding=\"async\" class=\"alignnone size-medium wp-image-11281\" src=\"https:\/\/abelfigueiredo.pa.gov.br\/wp-content\/uploads\/2022\/08\/Copia-de-ESCOLA-1-3-300x300.jpg\" alt=\"\" width=\"300\" height=\"300\" \/><\/a> <a href=\"https:\/\/abelfigueiredo.pa.gov.br\/wp-content\/uploads\/2022\/08\/Copia-de-ESCOLA-1-2.jpg\"><img loading=\"lazy\" decoding=\"async\" class=\"alignnone size-medium wp-image-11282\" src=\"https:\/\/abelfigueiredo.pa.gov.br\/wp-content\/uploads\/2022\/08\/Copia-de-ESCOLA-1-2-300x300.jpg\" alt=\"\" width=\"300\" height=\"300\" \/><\/a> <a href=\"https:\/\/abelfigueiredo.pa.gov.br\/wp-content\/uploads\/2022\/08\/Copia-de-ESCOLA-1-1.jpg\"><img loading=\"lazy\" decoding=\"async\" class=\"alignnone size-medium wp-image-11283\" src=\"https:\/\/abelfigueiredo.pa.gov.br\/wp-content\/uploads\/2022\/08\/Copia-de-ESCOLA-1-1-300x300.jpg\" alt=\"\" width=\"300\" height=\"300\" \/><\/a><\/div>\n<\/div>\n","protected":false},"excerpt":{"rendered":"<p>#compartilhe A Prefeitura Municipal de Abel Figueiredo atrav\u00e9s da Secretaria Municipal de Educa\u00e7\u00e3o realizou a abertura do 2\u00b0 Semestre Letivo, com a palestra sobre a tem\u00e1tica Avalia\u00e7\u00e3o da Aprendizagem, no Audit\u00f3rio da Secretaria de Promo\u00e7\u00e3o Social. Contou com a presen\u00e7a do Prefeito Ant\u00f4nio dos Santos Calhau, a Secret\u00e1ria Municipal de Educa\u00e7\u00e3o Rafaele Souza, a Diretora<\/p>\n<div class=\"read-more\"><a href=\"https:\/\/abelfigueiredo.pa.gov.br\/site\/palestra-sobre-a-tematica-avaliacao-da-aprendizagem\/\" title=\"Veja mais\">Veja mais<\/a><\/div>\n","protected":false},"author":25,"featured_media":11280,"comment_status":"closed","ping_status":"closed","sticky":false,"template":"","format":"standard","meta":{"footnotes":""},"categories":[1],"tags":[],"class_list":{"0":"post-11272","1":"post","2":"type-post","3":"status-publish","4":"format-standard","5":"has-post-thumbnail","7":"category-noticias"},"yoast_head":"<!-- This site is optimized with the Yoast SEO plugin v26.6 - https:\/\/yoast.com\/wordpress\/plugins\/seo\/ -->\n<title>Palestra sobre a tem\u00e1tica, Avalia\u00e7\u00e3o da Aprendizagem. - Prefeitura Municipal de Abel Figueiredo | Gest\u00e3o 2025-2028<\/title>\n<meta name=\"robots\" content=\"index, follow, max-snippet:-1, max-image-preview:large, max-video-preview:-1\" \/>\n<link rel=\"canonical\" href=\"https:\/\/abelfigueiredo.pa.gov.br\/site\/palestra-sobre-a-tematica-avaliacao-da-aprendizagem\/\" \/>\n<meta property=\"og:locale\" content=\"pt_BR\" \/>\n<meta property=\"og:type\" content=\"article\" \/>\n<meta property=\"og:title\" content=\"Palestra sobre a tem\u00e1tica, Avalia\u00e7\u00e3o da Aprendizagem. - Prefeitura Municipal de Abel Figueiredo | Gest\u00e3o 2025-2028\" \/>\n<meta property=\"og:description\" content=\"#compartilhe A Prefeitura Municipal de Abel Figueiredo atrav\u00e9s da Secretaria Municipal de Educa\u00e7\u00e3o realizou a abertura do 2\u00b0 Semestre Letivo, com a palestra sobre a tem\u00e1tica Avalia\u00e7\u00e3o da Aprendizagem, no Audit\u00f3rio da Secretaria de Promo\u00e7\u00e3o Social. Contou com a presen\u00e7a do Prefeito Ant\u00f4nio dos Santos Calhau, a Secret\u00e1ria Municipal de Educa\u00e7\u00e3o Rafaele Souza, a DiretoraVeja mais\" \/>\n<meta property=\"og:url\" content=\"https:\/\/abelfigueiredo.pa.gov.br\/site\/palestra-sobre-a-tematica-avaliacao-da-aprendizagem\/\" \/>\n<meta property=\"og:site_name\" content=\"Prefeitura Municipal de Abel Figueiredo | Gest\u00e3o 2025-2028\" \/>\n<meta property=\"article:published_time\" content=\"2022-08-01T17:33:23+00:00\" \/>\n<meta property=\"og:image\" content=\"https:\/\/abelfigueiredo.pa.gov.br\/wp-content\/uploads\/2022\/08\/Copia-de-ESCOLA-1-11-300x300.jpg\" \/>\n<meta name=\"author\" content=\"cr2-admin7\" \/>\n<meta name=\"twitter:label1\" content=\"Escrito por\" \/>\n\t<meta name=\"twitter:data1\" content=\"cr2-admin7\" \/>\n<script type=\"application\/ld+json\" class=\"yoast-schema-graph\">{\"@context\":\"https:\/\/schema.org\",\"@graph\":[{\"@type\":\"WebPage\",\"@id\":\"https:\/\/abelfigueiredo.pa.gov.br\/site\/palestra-sobre-a-tematica-avaliacao-da-aprendizagem\/\",\"url\":\"https:\/\/abelfigueiredo.pa.gov.br\/site\/palestra-sobre-a-tematica-avaliacao-da-aprendizagem\/\",\"name\":\"Palestra sobre a tem\u00e1tica, Avalia\u00e7\u00e3o da Aprendizagem. - Prefeitura Municipal de Abel Figueiredo | Gest\u00e3o 2025-2028\",\"isPartOf\":{\"@id\":\"https:\/\/abelfigueiredo.pa.gov.br\/site\/#website\"},\"primaryImageOfPage\":{\"@id\":\"https:\/\/abelfigueiredo.pa.gov.br\/site\/palestra-sobre-a-tematica-avaliacao-da-aprendizagem\/#primaryimage\"},\"image\":{\"@id\":\"https:\/\/abelfigueiredo.pa.gov.br\/site\/palestra-sobre-a-tematica-avaliacao-da-aprendizagem\/#primaryimage\"},\"thumbnailUrl\":\"\",\"datePublished\":\"2022-08-01T17:33:23+00:00\",\"author\":{\"@id\":\"https:\/\/abelfigueiredo.pa.gov.br\/site\/#\/schema\/person\/8ad42264973e06f0c04ce0da9b13d6eb\"},\"inLanguage\":\"pt-BR\",\"potentialAction\":[{\"@type\":\"ReadAction\",\"target\":[\"https:\/\/abelfigueiredo.pa.gov.br\/site\/palestra-sobre-a-tematica-avaliacao-da-aprendizagem\/\"]}]},{\"@type\":\"ImageObject\",\"inLanguage\":\"pt-BR\",\"@id\":\"https:\/\/abelfigueiredo.pa.gov.br\/site\/palestra-sobre-a-tematica-avaliacao-da-aprendizagem\/#primaryimage\",\"url\":\"\",\"contentUrl\":\"\"},{\"@type\":\"WebSite\",\"@id\":\"https:\/\/abelfigueiredo.pa.gov.br\/site\/#website\",\"url\":\"https:\/\/abelfigueiredo.pa.gov.br\/site\/\",\"name\":\"Prefeitura Municipal de Abel Figueiredo | Gest\u00e3o 2025-2028\",\"description\":\"Site oficial da Prefeitura Municipal de Abel Figueiredo\",\"potentialAction\":[{\"@type\":\"SearchAction\",\"target\":{\"@type\":\"EntryPoint\",\"urlTemplate\":\"https:\/\/abelfigueiredo.pa.gov.br\/site\/?s={search_term_string}\"},\"query-input\":{\"@type\":\"PropertyValueSpecification\",\"valueRequired\":true,\"valueName\":\"search_term_string\"}}],\"inLanguage\":\"pt-BR\"},{\"@type\":\"Person\",\"@id\":\"https:\/\/abelfigueiredo.pa.gov.br\/site\/#\/schema\/person\/8ad42264973e06f0c04ce0da9b13d6eb\",\"name\":\"cr2-admin7\",\"image\":{\"@type\":\"ImageObject\",\"inLanguage\":\"pt-BR\",\"@id\":\"https:\/\/abelfigueiredo.pa.gov.br\/site\/#\/schema\/person\/image\/\",\"url\":\"https:\/\/secure.gravatar.com\/avatar\/7e0402aa11e91bb8aa8a7c6b64146517a7337d48fdac50e07c495efd61016444?s=96&d=mm&r=g\",\"contentUrl\":\"https:\/\/secure.gravatar.com\/avatar\/7e0402aa11e91bb8aa8a7c6b64146517a7337d48fdac50e07c495efd61016444?s=96&d=mm&r=g\",\"caption\":\"cr2-admin7\"},\"url\":\"https:\/\/abelfigueiredo.pa.gov.br\/site\/author\/cr2-admin7\/\"}]}<\/script>\n<!-- \/ Yoast SEO plugin. -->","yoast_head_json":{"title":"Palestra sobre a tem\u00e1tica, Avalia\u00e7\u00e3o da Aprendizagem. - Prefeitura Municipal de Abel Figueiredo | Gest\u00e3o 2025-2028","robots":{"index":"index","follow":"follow","max-snippet":"max-snippet:-1","max-image-preview":"max-image-preview:large","max-video-preview":"max-video-preview:-1"},"canonical":"https:\/\/abelfigueiredo.pa.gov.br\/site\/palestra-sobre-a-tematica-avaliacao-da-aprendizagem\/","og_locale":"pt_BR","og_type":"article","og_title":"Palestra sobre a tem\u00e1tica, Avalia\u00e7\u00e3o da Aprendizagem. - Prefeitura Municipal de Abel Figueiredo | Gest\u00e3o 2025-2028","og_description":"#compartilhe A Prefeitura Municipal de Abel Figueiredo atrav\u00e9s da Secretaria Municipal de Educa\u00e7\u00e3o realizou a abertura do 2\u00b0 Semestre Letivo, com a palestra sobre a tem\u00e1tica Avalia\u00e7\u00e3o da Aprendizagem, no Audit\u00f3rio da Secretaria de Promo\u00e7\u00e3o Social. Contou com a presen\u00e7a do Prefeito Ant\u00f4nio dos Santos Calhau, a Secret\u00e1ria Municipal de Educa\u00e7\u00e3o Rafaele Souza, a DiretoraVeja mais","og_url":"https:\/\/abelfigueiredo.pa.gov.br\/site\/palestra-sobre-a-tematica-avaliacao-da-aprendizagem\/","og_site_name":"Prefeitura Municipal de Abel Figueiredo | Gest\u00e3o 2025-2028","article_published_time":"2022-08-01T17:33:23+00:00","og_image":[{"url":"https:\/\/abelfigueiredo.pa.gov.br\/wp-content\/uploads\/2022\/08\/Copia-de-ESCOLA-1-11-300x300.jpg","type":"","width":"","height":""}],"author":"cr2-admin7","twitter_misc":{"Escrito por":"cr2-admin7"},"schema":{"@context":"https:\/\/schema.org","@graph":[{"@type":"WebPage","@id":"https:\/\/abelfigueiredo.pa.gov.br\/site\/palestra-sobre-a-tematica-avaliacao-da-aprendizagem\/","url":"https:\/\/abelfigueiredo.pa.gov.br\/site\/palestra-sobre-a-tematica-avaliacao-da-aprendizagem\/","name":"Palestra sobre a tem\u00e1tica, Avalia\u00e7\u00e3o da Aprendizagem. - Prefeitura Municipal de Abel Figueiredo | Gest\u00e3o 2025-2028","isPartOf":{"@id":"https:\/\/abelfigueiredo.pa.gov.br\/site\/#website"},"primaryImageOfPage":{"@id":"https:\/\/abelfigueiredo.pa.gov.br\/site\/palestra-sobre-a-tematica-avaliacao-da-aprendizagem\/#primaryimage"},"image":{"@id":"https:\/\/abelfigueiredo.pa.gov.br\/site\/palestra-sobre-a-tematica-avaliacao-da-aprendizagem\/#primaryimage"},"thumbnailUrl":"","datePublished":"2022-08-01T17:33:23+00:00","author":{"@id":"https:\/\/abelfigueiredo.pa.gov.br\/site\/#\/schema\/person\/8ad42264973e06f0c04ce0da9b13d6eb"},"inLanguage":"pt-BR","potentialAction":[{"@type":"ReadAction","target":["https:\/\/abelfigueiredo.pa.gov.br\/site\/palestra-sobre-a-tematica-avaliacao-da-aprendizagem\/"]}]},{"@type":"ImageObject","inLanguage":"pt-BR","@id":"https:\/\/abelfigueiredo.pa.gov.br\/site\/palestra-sobre-a-tematica-avaliacao-da-aprendizagem\/#primaryimage","url":"","contentUrl":""},{"@type":"WebSite","@id":"https:\/\/abelfigueiredo.pa.gov.br\/site\/#website","url":"https:\/\/abelfigueiredo.pa.gov.br\/site\/","name":"Prefeitura Municipal de Abel Figueiredo | Gest\u00e3o 2025-2028","description":"Site oficial da Prefeitura Municipal de Abel Figueiredo","potentialAction":[{"@type":"SearchAction","target":{"@type":"EntryPoint","urlTemplate":"https:\/\/abelfigueiredo.pa.gov.br\/site\/?s={search_term_string}"},"query-input":{"@type":"PropertyValueSpecification","valueRequired":true,"valueName":"search_term_string"}}],"inLanguage":"pt-BR"},{"@type":"Person","@id":"https:\/\/abelfigueiredo.pa.gov.br\/site\/#\/schema\/person\/8ad42264973e06f0c04ce0da9b13d6eb","name":"cr2-admin7","image":{"@type":"ImageObject","inLanguage":"pt-BR","@id":"https:\/\/abelfigueiredo.pa.gov.br\/site\/#\/schema\/person\/image\/","url":"https:\/\/secure.gravatar.com\/avatar\/7e0402aa11e91bb8aa8a7c6b64146517a7337d48fdac50e07c495efd61016444?s=96&d=mm&r=g","contentUrl":"https:\/\/secure.gravatar.com\/avatar\/7e0402aa11e91bb8aa8a7c6b64146517a7337d48fdac50e07c495efd61016444?s=96&d=mm&r=g","caption":"cr2-admin7"},"url":"https:\/\/abelfigueiredo.pa.gov.br\/site\/author\/cr2-admin7\/"}]}},"_links":{"self":[{"href":"https:\/\/abelfigueiredo.pa.gov.br\/site\/wp-json\/wp\/v2\/posts\/11272","targetHints":{"allow":["GET"]}}],"collection":[{"href":"https:\/\/abelfigueiredo.pa.gov.br\/site\/wp-json\/wp\/v2\/posts"}],"about":[{"href":"https:\/\/abelfigueiredo.pa.gov.br\/site\/wp-json\/wp\/v2\/types\/post"}],"author":[{"embeddable":true,"href":"https:\/\/abelfigueiredo.pa.gov.br\/site\/wp-json\/wp\/v2\/users\/25"}],"replies":[{"embeddable":true,"href":"https:\/\/abelfigueiredo.pa.gov.br\/site\/wp-json\/wp\/v2\/comments?post=11272"}],"version-history":[{"count":0,"href":"https:\/\/abelfigueiredo.pa.gov.br\/site\/wp-json\/wp\/v2\/posts\/11272\/revisions"}],"wp:featuredmedia":[{"embeddable":true,"href":"https:\/\/abelfigueiredo.pa.gov.br\/site\/wp-json\/"}],"wp:attachment":[{"href":"https:\/\/abelfigueiredo.pa.gov.br\/site\/wp-json\/wp\/v2\/media?parent=11272"}],"wp:term":[{"taxonomy":"category","embeddable":true,"href":"https:\/\/abelfigueiredo.pa.gov.br\/site\/wp-json\/wp\/v2\/categories?post=11272"},{"taxonomy":"post_tag","embeddable":true,"href":"https:\/\/abelfigueiredo.pa.gov.br\/site\/wp-json\/wp\/v2\/tags?post=11272"}],"curies":[{"name":"wp","href":"https:\/\/api.w.org\/{rel}","templated":true}]}}