{"id":10855,"date":"2022-07-05T08:33:25","date_gmt":"2022-07-05T11:33:25","guid":{"rendered":"https:\/\/abelfigueiredo.pa.gov.br\/?p=10855"},"modified":"2022-07-05T08:33:25","modified_gmt":"2022-07-05T11:33:25","slug":"prefeitura-de-abel-figueiredo-envia-colaboradores-para-capacitacao-do-tcmpa-em-maraba","status":"publish","type":"post","link":"https:\/\/abelfigueiredo.pa.gov.br\/site\/prefeitura-de-abel-figueiredo-envia-colaboradores-para-capacitacao-do-tcmpa-em-maraba\/","title":{"rendered":"Prefeitura de Abel Figueiredo envia colaboradores para capacita\u00e7\u00e3o do TCMPA em Marab\u00e1."},"content":{"rendered":"<div class=\"cxmmr5t8 oygrvhab hcukyx3x c1et5uql o9v6fnle ii04i59q\">\n<div dir=\"auto\">A Prefeitura de Abel Figueiredo administra\u00e7\u00e3o Prefeito Ant\u00f4nio Calhau vice Evandro da Serraria esteve presente na capacita\u00e7\u00e3o realizada pelo TCMPA em Marab\u00e1, representada pela Secret\u00e1ria Municipal de Educa\u00e7\u00e3o Rafaele Souza e equipe, e os colaboradores dos departamentos de compras, contratos e licita\u00e7\u00f5es.<\/div>\n<div dir=\"auto\">Investir em capacita\u00e7\u00e3o para que os nossos colaboradores obtenham ainda mais conhecimento para melhor servir a nossa popula\u00e7\u00e3o tamb\u00e9m \u00e9 a marca do nosso Governo Trabalhando para o Povo.<\/div>\n<\/div>\n<div class=\"cxmmr5t8 oygrvhab hcukyx3x c1et5uql o9v6fnle ii04i59q\">\n<div dir=\"auto\"><a class=\"oajrlxb2 g5ia77u1 qu0x051f esr5mh6w e9989ue4 r7d6kgcz rq0escxv nhd2j8a9 nc684nl6 p7hjln8o kvgmc6g5 cxmmr5t8 oygrvhab hcukyx3x jb3vyjys rz4wbd8a qt6c0cv9 a8nywdso i1ao9s8h esuyzwwr f1sip0of lzcic4wl gpro0wi8 q66pz984 b1v8xokw\" tabindex=\"0\" role=\"link\" href=\"https:\/\/www.facebook.com\/hashtag\/prefeituradeabel?__eep__=6&amp;__cft__[0]=AZUByY-0XIGyThQEBpsLHhV3kEFClheXGZWU8NlGz2gL1OjHe9vbJ1AS6-Sy-CokE2hfZuMhoU4QNiapMvWxjKQ8AhTimO3LW2m3TcPlJDyvEnoDK4JV3y-EAZpDwqhSqaSNxcLe6dfWbUVj-kB-YAidPrckFHTJASN17o3-kxvDAA&amp;__tn__=*NK-R\">#prefeituradeabel<\/a><\/div>\n<div dir=\"auto\"><a class=\"oajrlxb2 g5ia77u1 qu0x051f esr5mh6w e9989ue4 r7d6kgcz rq0escxv nhd2j8a9 nc684nl6 p7hjln8o kvgmc6g5 cxmmr5t8 oygrvhab hcukyx3x jb3vyjys rz4wbd8a qt6c0cv9 a8nywdso i1ao9s8h esuyzwwr f1sip0of lzcic4wl gpro0wi8 q66pz984 b1v8xokw\" tabindex=\"0\" role=\"link\" href=\"https:\/\/www.facebook.com\/hashtag\/trabalhandoparaopovo?__eep__=6&amp;__cft__[0]=AZUByY-0XIGyThQEBpsLHhV3kEFClheXGZWU8NlGz2gL1OjHe9vbJ1AS6-Sy-CokE2hfZuMhoU4QNiapMvWxjKQ8AhTimO3LW2m3TcPlJDyvEnoDK4JV3y-EAZpDwqhSqaSNxcLe6dfWbUVj-kB-YAidPrckFHTJASN17o3-kxvDAA&amp;__tn__=*NK-R\">#trabalhandoparaopovo<\/a><\/div>\n<div dir=\"auto\"><a href=\"https:\/\/abelfigueiredo.pa.gov.br\/wp-content\/uploads\/2022\/07\/291518080_420432950000452_857303360379124345_n.jpg\"><img loading=\"lazy\" decoding=\"async\" class=\"alignnone size-medium wp-image-10856\" src=\"https:\/\/abelfigueiredo.pa.gov.br\/wp-content\/uploads\/2022\/07\/291518080_420432950000452_857303360379124345_n-276x300.jpg\" alt=\"\" width=\"276\" height=\"300\" \/><\/a> <a href=\"https:\/\/abelfigueiredo.pa.gov.br\/wp-content\/uploads\/2022\/07\/291564744_420432923333788_6637725273368548352_n.jpg\"><img loading=\"lazy\" decoding=\"async\" class=\"alignnone size-medium wp-image-10857\" src=\"https:\/\/abelfigueiredo.pa.gov.br\/wp-content\/uploads\/2022\/07\/291564744_420432923333788_6637725273368548352_n-300x272.jpg\" alt=\"\" width=\"300\" height=\"272\" \/><\/a> <a href=\"https:\/\/abelfigueiredo.pa.gov.br\/wp-content\/uploads\/2022\/07\/291427227_420432866667127_4339606506851694432_n.jpg\"><img loading=\"lazy\" decoding=\"async\" class=\"alignnone size-medium wp-image-10858\" src=\"https:\/\/abelfigueiredo.pa.gov.br\/wp-content\/uploads\/2022\/07\/291427227_420432866667127_4339606506851694432_n-242x300.jpg\" alt=\"\" width=\"242\" height=\"300\" \/><\/a> <a href=\"https:\/\/abelfigueiredo.pa.gov.br\/wp-content\/uploads\/2022\/07\/291014210_420432666667147_1437412224420483436_n.jpg\"><img loading=\"lazy\" decoding=\"async\" class=\"alignnone size-medium wp-image-10859\" src=\"https:\/\/abelfigueiredo.pa.gov.br\/wp-content\/uploads\/2022\/07\/291014210_420432666667147_1437412224420483436_n-300x291.jpg\" alt=\"\" width=\"300\" height=\"291\" \/><\/a> <a href=\"https:\/\/abelfigueiredo.pa.gov.br\/wp-content\/uploads\/2022\/07\/291620765_420432640000483_8287171196209799588_n.jpg\"><img loading=\"lazy\" decoding=\"async\" class=\"alignnone size-medium wp-image-10860\" src=\"https:\/\/abelfigueiredo.pa.gov.br\/wp-content\/uploads\/2022\/07\/291620765_420432640000483_8287171196209799588_n-271x300.jpg\" alt=\"\" width=\"271\" height=\"300\" \/><\/a> <a href=\"https:\/\/abelfigueiredo.pa.gov.br\/wp-content\/uploads\/2022\/07\/290908813_420432613333819_3090341726889954563_n.jpg\"><img loading=\"lazy\" decoding=\"async\" class=\"alignnone size-medium wp-image-10861\" src=\"https:\/\/abelfigueiredo.pa.gov.br\/wp-content\/uploads\/2022\/07\/290908813_420432613333819_3090341726889954563_n-300x294.jpg\" alt=\"\" width=\"300\" height=\"294\" \/><\/a> <a href=\"https:\/\/abelfigueiredo.pa.gov.br\/wp-content\/uploads\/2022\/07\/291075461_420432570000490_6744789107070464359_n.jpg\"><img loading=\"lazy\" decoding=\"async\" class=\"alignnone size-medium wp-image-10862\" src=\"https:\/\/abelfigueiredo.pa.gov.br\/wp-content\/uploads\/2022\/07\/291075461_420432570000490_6744789107070464359_n-283x300.jpg\" alt=\"\" width=\"283\" height=\"300\" \/><\/a><\/div>\n<\/div>\n","protected":false},"excerpt":{"rendered":"<p>A Prefeitura de Abel Figueiredo administra\u00e7\u00e3o Prefeito Ant\u00f4nio Calhau vice Evandro da Serraria esteve presente na capacita\u00e7\u00e3o realizada pelo TCMPA em Marab\u00e1, representada pela Secret\u00e1ria Municipal de Educa\u00e7\u00e3o Rafaele Souza e equipe, e os colaboradores dos departamentos de compras, contratos e licita\u00e7\u00f5es. Investir em capacita\u00e7\u00e3o para que os nossos colaboradores obtenham ainda mais conhecimento para<\/p>\n<div class=\"read-more\"><a href=\"https:\/\/abelfigueiredo.pa.gov.br\/site\/prefeitura-de-abel-figueiredo-envia-colaboradores-para-capacitacao-do-tcmpa-em-maraba\/\" title=\"Veja mais\">Veja mais<\/a><\/div>\n","protected":false},"author":25,"featured_media":10857,"comment_status":"closed","ping_status":"closed","sticky":false,"template":"","format":"standard","meta":{"footnotes":""},"categories":[1],"tags":[],"class_list":{"0":"post-10855","1":"post","2":"type-post","3":"status-publish","4":"format-standard","5":"has-post-thumbnail","7":"category-noticias"},"yoast_head":"<!-- This site is optimized with the Yoast SEO plugin v26.6 - https:\/\/yoast.com\/wordpress\/plugins\/seo\/ -->\n<title>Prefeitura de Abel Figueiredo envia colaboradores para capacita\u00e7\u00e3o do TCMPA em Marab\u00e1. - Prefeitura Municipal de Abel Figueiredo | Gest\u00e3o 2025-2028<\/title>\n<meta name=\"robots\" content=\"index, follow, max-snippet:-1, max-image-preview:large, max-video-preview:-1\" \/>\n<link rel=\"canonical\" href=\"https:\/\/abelfigueiredo.pa.gov.br\/site\/prefeitura-de-abel-figueiredo-envia-colaboradores-para-capacitacao-do-tcmpa-em-maraba\/\" \/>\n<meta property=\"og:locale\" content=\"pt_BR\" \/>\n<meta property=\"og:type\" content=\"article\" \/>\n<meta property=\"og:title\" content=\"Prefeitura de Abel Figueiredo envia colaboradores para capacita\u00e7\u00e3o do TCMPA em Marab\u00e1. - Prefeitura Municipal de Abel Figueiredo | Gest\u00e3o 2025-2028\" \/>\n<meta property=\"og:description\" content=\"A Prefeitura de Abel Figueiredo administra\u00e7\u00e3o Prefeito Ant\u00f4nio Calhau vice Evandro da Serraria esteve presente na capacita\u00e7\u00e3o realizada pelo TCMPA em Marab\u00e1, representada pela Secret\u00e1ria Municipal de Educa\u00e7\u00e3o Rafaele Souza e equipe, e os colaboradores dos departamentos de compras, contratos e licita\u00e7\u00f5es. Investir em capacita\u00e7\u00e3o para que os nossos colaboradores obtenham ainda mais conhecimento paraVeja mais\" \/>\n<meta property=\"og:url\" content=\"https:\/\/abelfigueiredo.pa.gov.br\/site\/prefeitura-de-abel-figueiredo-envia-colaboradores-para-capacitacao-do-tcmpa-em-maraba\/\" \/>\n<meta property=\"og:site_name\" content=\"Prefeitura Municipal de Abel Figueiredo | Gest\u00e3o 2025-2028\" \/>\n<meta property=\"article:published_time\" content=\"2022-07-05T11:33:25+00:00\" \/>\n<meta property=\"og:image\" content=\"https:\/\/abelfigueiredo.pa.gov.br\/wp-content\/uploads\/2022\/07\/291518080_420432950000452_857303360379124345_n-276x300.jpg\" \/>\n<meta name=\"author\" content=\"cr2-admin7\" \/>\n<meta name=\"twitter:label1\" content=\"Escrito por\" \/>\n\t<meta name=\"twitter:data1\" content=\"cr2-admin7\" \/>\n<script type=\"application\/ld+json\" class=\"yoast-schema-graph\">{\"@context\":\"https:\/\/schema.org\",\"@graph\":[{\"@type\":\"WebPage\",\"@id\":\"https:\/\/abelfigueiredo.pa.gov.br\/site\/prefeitura-de-abel-figueiredo-envia-colaboradores-para-capacitacao-do-tcmpa-em-maraba\/\",\"url\":\"https:\/\/abelfigueiredo.pa.gov.br\/site\/prefeitura-de-abel-figueiredo-envia-colaboradores-para-capacitacao-do-tcmpa-em-maraba\/\",\"name\":\"Prefeitura de Abel Figueiredo envia colaboradores para capacita\u00e7\u00e3o do TCMPA em Marab\u00e1. - Prefeitura Municipal de Abel Figueiredo | Gest\u00e3o 2025-2028\",\"isPartOf\":{\"@id\":\"https:\/\/abelfigueiredo.pa.gov.br\/site\/#website\"},\"primaryImageOfPage\":{\"@id\":\"https:\/\/abelfigueiredo.pa.gov.br\/site\/prefeitura-de-abel-figueiredo-envia-colaboradores-para-capacitacao-do-tcmpa-em-maraba\/#primaryimage\"},\"image\":{\"@id\":\"https:\/\/abelfigueiredo.pa.gov.br\/site\/prefeitura-de-abel-figueiredo-envia-colaboradores-para-capacitacao-do-tcmpa-em-maraba\/#primaryimage\"},\"thumbnailUrl\":\"\",\"datePublished\":\"2022-07-05T11:33:25+00:00\",\"author\":{\"@id\":\"https:\/\/abelfigueiredo.pa.gov.br\/site\/#\/schema\/person\/8ad42264973e06f0c04ce0da9b13d6eb\"},\"inLanguage\":\"pt-BR\",\"potentialAction\":[{\"@type\":\"ReadAction\",\"target\":[\"https:\/\/abelfigueiredo.pa.gov.br\/site\/prefeitura-de-abel-figueiredo-envia-colaboradores-para-capacitacao-do-tcmpa-em-maraba\/\"]}]},{\"@type\":\"ImageObject\",\"inLanguage\":\"pt-BR\",\"@id\":\"https:\/\/abelfigueiredo.pa.gov.br\/site\/prefeitura-de-abel-figueiredo-envia-colaboradores-para-capacitacao-do-tcmpa-em-maraba\/#primaryimage\",\"url\":\"\",\"contentUrl\":\"\"},{\"@type\":\"WebSite\",\"@id\":\"https:\/\/abelfigueiredo.pa.gov.br\/site\/#website\",\"url\":\"https:\/\/abelfigueiredo.pa.gov.br\/site\/\",\"name\":\"Prefeitura Municipal de Abel Figueiredo | Gest\u00e3o 2025-2028\",\"description\":\"Site oficial da Prefeitura Municipal de Abel Figueiredo\",\"potentialAction\":[{\"@type\":\"SearchAction\",\"target\":{\"@type\":\"EntryPoint\",\"urlTemplate\":\"https:\/\/abelfigueiredo.pa.gov.br\/site\/?s={search_term_string}\"},\"query-input\":{\"@type\":\"PropertyValueSpecification\",\"valueRequired\":true,\"valueName\":\"search_term_string\"}}],\"inLanguage\":\"pt-BR\"},{\"@type\":\"Person\",\"@id\":\"https:\/\/abelfigueiredo.pa.gov.br\/site\/#\/schema\/person\/8ad42264973e06f0c04ce0da9b13d6eb\",\"name\":\"cr2-admin7\",\"image\":{\"@type\":\"ImageObject\",\"inLanguage\":\"pt-BR\",\"@id\":\"https:\/\/abelfigueiredo.pa.gov.br\/site\/#\/schema\/person\/image\/\",\"url\":\"https:\/\/secure.gravatar.com\/avatar\/7e0402aa11e91bb8aa8a7c6b64146517a7337d48fdac50e07c495efd61016444?s=96&d=mm&r=g\",\"contentUrl\":\"https:\/\/secure.gravatar.com\/avatar\/7e0402aa11e91bb8aa8a7c6b64146517a7337d48fdac50e07c495efd61016444?s=96&d=mm&r=g\",\"caption\":\"cr2-admin7\"},\"url\":\"https:\/\/abelfigueiredo.pa.gov.br\/site\/author\/cr2-admin7\/\"}]}<\/script>\n<!-- \/ Yoast SEO plugin. -->","yoast_head_json":{"title":"Prefeitura de Abel Figueiredo envia colaboradores para capacita\u00e7\u00e3o do TCMPA em Marab\u00e1. - Prefeitura Municipal de Abel Figueiredo | Gest\u00e3o 2025-2028","robots":{"index":"index","follow":"follow","max-snippet":"max-snippet:-1","max-image-preview":"max-image-preview:large","max-video-preview":"max-video-preview:-1"},"canonical":"https:\/\/abelfigueiredo.pa.gov.br\/site\/prefeitura-de-abel-figueiredo-envia-colaboradores-para-capacitacao-do-tcmpa-em-maraba\/","og_locale":"pt_BR","og_type":"article","og_title":"Prefeitura de Abel Figueiredo envia colaboradores para capacita\u00e7\u00e3o do TCMPA em Marab\u00e1. - Prefeitura Municipal de Abel Figueiredo | Gest\u00e3o 2025-2028","og_description":"A Prefeitura de Abel Figueiredo administra\u00e7\u00e3o Prefeito Ant\u00f4nio Calhau vice Evandro da Serraria esteve presente na capacita\u00e7\u00e3o realizada pelo TCMPA em Marab\u00e1, representada pela Secret\u00e1ria Municipal de Educa\u00e7\u00e3o Rafaele Souza e equipe, e os colaboradores dos departamentos de compras, contratos e licita\u00e7\u00f5es. Investir em capacita\u00e7\u00e3o para que os nossos colaboradores obtenham ainda mais conhecimento paraVeja mais","og_url":"https:\/\/abelfigueiredo.pa.gov.br\/site\/prefeitura-de-abel-figueiredo-envia-colaboradores-para-capacitacao-do-tcmpa-em-maraba\/","og_site_name":"Prefeitura Municipal de Abel Figueiredo | Gest\u00e3o 2025-2028","article_published_time":"2022-07-05T11:33:25+00:00","og_image":[{"url":"https:\/\/abelfigueiredo.pa.gov.br\/wp-content\/uploads\/2022\/07\/291518080_420432950000452_857303360379124345_n-276x300.jpg","type":"","width":"","height":""}],"author":"cr2-admin7","twitter_misc":{"Escrito por":"cr2-admin7"},"schema":{"@context":"https:\/\/schema.org","@graph":[{"@type":"WebPage","@id":"https:\/\/abelfigueiredo.pa.gov.br\/site\/prefeitura-de-abel-figueiredo-envia-colaboradores-para-capacitacao-do-tcmpa-em-maraba\/","url":"https:\/\/abelfigueiredo.pa.gov.br\/site\/prefeitura-de-abel-figueiredo-envia-colaboradores-para-capacitacao-do-tcmpa-em-maraba\/","name":"Prefeitura de Abel Figueiredo envia colaboradores para capacita\u00e7\u00e3o do TCMPA em Marab\u00e1. - Prefeitura Municipal de Abel Figueiredo | Gest\u00e3o 2025-2028","isPartOf":{"@id":"https:\/\/abelfigueiredo.pa.gov.br\/site\/#website"},"primaryImageOfPage":{"@id":"https:\/\/abelfigueiredo.pa.gov.br\/site\/prefeitura-de-abel-figueiredo-envia-colaboradores-para-capacitacao-do-tcmpa-em-maraba\/#primaryimage"},"image":{"@id":"https:\/\/abelfigueiredo.pa.gov.br\/site\/prefeitura-de-abel-figueiredo-envia-colaboradores-para-capacitacao-do-tcmpa-em-maraba\/#primaryimage"},"thumbnailUrl":"","datePublished":"2022-07-05T11:33:25+00:00","author":{"@id":"https:\/\/abelfigueiredo.pa.gov.br\/site\/#\/schema\/person\/8ad42264973e06f0c04ce0da9b13d6eb"},"inLanguage":"pt-BR","potentialAction":[{"@type":"ReadAction","target":["https:\/\/abelfigueiredo.pa.gov.br\/site\/prefeitura-de-abel-figueiredo-envia-colaboradores-para-capacitacao-do-tcmpa-em-maraba\/"]}]},{"@type":"ImageObject","inLanguage":"pt-BR","@id":"https:\/\/abelfigueiredo.pa.gov.br\/site\/prefeitura-de-abel-figueiredo-envia-colaboradores-para-capacitacao-do-tcmpa-em-maraba\/#primaryimage","url":"","contentUrl":""},{"@type":"WebSite","@id":"https:\/\/abelfigueiredo.pa.gov.br\/site\/#website","url":"https:\/\/abelfigueiredo.pa.gov.br\/site\/","name":"Prefeitura Municipal de Abel Figueiredo | Gest\u00e3o 2025-2028","description":"Site oficial da Prefeitura Municipal de Abel Figueiredo","potentialAction":[{"@type":"SearchAction","target":{"@type":"EntryPoint","urlTemplate":"https:\/\/abelfigueiredo.pa.gov.br\/site\/?s={search_term_string}"},"query-input":{"@type":"PropertyValueSpecification","valueRequired":true,"valueName":"search_term_string"}}],"inLanguage":"pt-BR"},{"@type":"Person","@id":"https:\/\/abelfigueiredo.pa.gov.br\/site\/#\/schema\/person\/8ad42264973e06f0c04ce0da9b13d6eb","name":"cr2-admin7","image":{"@type":"ImageObject","inLanguage":"pt-BR","@id":"https:\/\/abelfigueiredo.pa.gov.br\/site\/#\/schema\/person\/image\/","url":"https:\/\/secure.gravatar.com\/avatar\/7e0402aa11e91bb8aa8a7c6b64146517a7337d48fdac50e07c495efd61016444?s=96&d=mm&r=g","contentUrl":"https:\/\/secure.gravatar.com\/avatar\/7e0402aa11e91bb8aa8a7c6b64146517a7337d48fdac50e07c495efd61016444?s=96&d=mm&r=g","caption":"cr2-admin7"},"url":"https:\/\/abelfigueiredo.pa.gov.br\/site\/author\/cr2-admin7\/"}]}},"_links":{"self":[{"href":"https:\/\/abelfigueiredo.pa.gov.br\/site\/wp-json\/wp\/v2\/posts\/10855","targetHints":{"allow":["GET"]}}],"collection":[{"href":"https:\/\/abelfigueiredo.pa.gov.br\/site\/wp-json\/wp\/v2\/posts"}],"about":[{"href":"https:\/\/abelfigueiredo.pa.gov.br\/site\/wp-json\/wp\/v2\/types\/post"}],"author":[{"embeddable":true,"href":"https:\/\/abelfigueiredo.pa.gov.br\/site\/wp-json\/wp\/v2\/users\/25"}],"replies":[{"embeddable":true,"href":"https:\/\/abelfigueiredo.pa.gov.br\/site\/wp-json\/wp\/v2\/comments?post=10855"}],"version-history":[{"count":0,"href":"https:\/\/abelfigueiredo.pa.gov.br\/site\/wp-json\/wp\/v2\/posts\/10855\/revisions"}],"wp:featuredmedia":[{"embeddable":true,"href":"https:\/\/abelfigueiredo.pa.gov.br\/site\/wp-json\/"}],"wp:attachment":[{"href":"https:\/\/abelfigueiredo.pa.gov.br\/site\/wp-json\/wp\/v2\/media?parent=10855"}],"wp:term":[{"taxonomy":"category","embeddable":true,"href":"https:\/\/abelfigueiredo.pa.gov.br\/site\/wp-json\/wp\/v2\/categories?post=10855"},{"taxonomy":"post_tag","embeddable":true,"href":"https:\/\/abelfigueiredo.pa.gov.br\/site\/wp-json\/wp\/v2\/tags?post=10855"}],"curies":[{"name":"wp","href":"https:\/\/api.w.org\/{rel}","templated":true}]}}