{"id":10832,"date":"2022-06-30T08:23:27","date_gmt":"2022-06-30T11:23:27","guid":{"rendered":"https:\/\/abelfigueiredo.pa.gov.br\/?p=10832"},"modified":"2022-06-30T08:23:27","modified_gmt":"2022-06-30T11:23:27","slug":"arraia-da-melhor-idade-realizada-com-sucesso-em-abel-figueiredo-pa","status":"publish","type":"post","link":"https:\/\/abelfigueiredo.pa.gov.br\/site\/arraia-da-melhor-idade-realizada-com-sucesso-em-abel-figueiredo-pa\/","title":{"rendered":"Arrai\u00e1 da Melhor Idade realizada com sucesso em Abel Figueiredo-PA."},"content":{"rendered":"<div class=\"cxmmr5t8 oygrvhab hcukyx3x c1et5uql o9v6fnle ii04i59q\">\n<div dir=\"auto\">A Prefeitura de Abel Figueiredo administra\u00e7\u00e3o Prefeito Ant\u00f4nio Calhau vice Evandro da Serraria, atrav\u00e9s da Secretaria Municipal de Desenvolvimento e Promo\u00e7\u00e3o Social, Secret\u00e1ria Winnie Ayla Barbosa e equipe, realizaram na noite desta \u00faltima quinta-feira 30 de junho no p\u00e1tio da Secretaria da Assist\u00eancia, o Arrai\u00e1 da Melhor Idade, com uma super decora\u00e7\u00e3o preparada com muito carinho, comidas t\u00edpicas, apresenta\u00e7\u00f5es e m\u00fasica ao vivo para os idosos assistidos pelo SCFV Servi\u00e7o de Conviv\u00eancia e Fortalecimento de v\u00ednculos.<\/div>\n<div dir=\"auto\">Donos da sabedoria da vida, do conhecimento e da mudan\u00e7a dos tempos, os idosos s\u00e3o o valor maior da sociedade, por isso respeit\u00e1-los, cuidando e dando sempre a aten\u00e7\u00e3o merecida \u00e9 t\u00e3o importante.<\/div>\n<\/div>\n<div class=\"cxmmr5t8 oygrvhab hcukyx3x c1et5uql o9v6fnle ii04i59q\">\n<div dir=\"auto\">&#8220;Cuidar da nossa gente, esse \u00e9 a marca do nosso Governo Trabalhando para o Povo!&#8221;<\/div>\n<\/div>\n<div class=\"cxmmr5t8 oygrvhab hcukyx3x c1et5uql o9v6fnle ii04i59q\">\n<div dir=\"auto\"><a class=\"oajrlxb2 g5ia77u1 qu0x051f esr5mh6w e9989ue4 r7d6kgcz rq0escxv nhd2j8a9 nc684nl6 p7hjln8o kvgmc6g5 cxmmr5t8 oygrvhab hcukyx3x jb3vyjys rz4wbd8a qt6c0cv9 a8nywdso i1ao9s8h esuyzwwr f1sip0of lzcic4wl gpro0wi8 q66pz984 b1v8xokw\" tabindex=\"0\" role=\"link\" href=\"https:\/\/www.facebook.com\/hashtag\/prefeituradeabel?__eep__=6&amp;__cft__[0]=AZUXnj5IYKFAKF3GJDHSl8861Y4dQ1fFdP0co5vtuXj17knyv04z7hu1_39SVyMRaGbUtvGpLCDZrvHu2QlN_c4xH79v4Jrq4tAGqFzEiEYrHTOo6wLHcKnVPb8hZLAlxOaXKLRTQF9N7kFY3OlOBs8FNuTa2lheg4JESSBwQNzM8Q&amp;__tn__=*NK-R\">#prefeituradeabel<\/a><\/div>\n<div dir=\"auto\"><a class=\"oajrlxb2 g5ia77u1 qu0x051f esr5mh6w e9989ue4 r7d6kgcz rq0escxv nhd2j8a9 nc684nl6 p7hjln8o kvgmc6g5 cxmmr5t8 oygrvhab hcukyx3x jb3vyjys rz4wbd8a qt6c0cv9 a8nywdso i1ao9s8h esuyzwwr f1sip0of lzcic4wl gpro0wi8 q66pz984 b1v8xokw\" tabindex=\"0\" role=\"link\" href=\"https:\/\/www.facebook.com\/hashtag\/secdepromocaosocial?__eep__=6&amp;__cft__[0]=AZUXnj5IYKFAKF3GJDHSl8861Y4dQ1fFdP0co5vtuXj17knyv04z7hu1_39SVyMRaGbUtvGpLCDZrvHu2QlN_c4xH79v4Jrq4tAGqFzEiEYrHTOo6wLHcKnVPb8hZLAlxOaXKLRTQF9N7kFY3OlOBs8FNuTa2lheg4JESSBwQNzM8Q&amp;__tn__=*NK-R\">#secdepromocaosocial<\/a><\/div>\n<div dir=\"auto\"><a class=\"oajrlxb2 g5ia77u1 qu0x051f esr5mh6w e9989ue4 r7d6kgcz rq0escxv nhd2j8a9 nc684nl6 p7hjln8o kvgmc6g5 cxmmr5t8 oygrvhab hcukyx3x jb3vyjys rz4wbd8a qt6c0cv9 a8nywdso i1ao9s8h esuyzwwr f1sip0of lzcic4wl gpro0wi8 q66pz984 b1v8xokw\" tabindex=\"0\" role=\"link\" href=\"https:\/\/www.facebook.com\/hashtag\/cras?__eep__=6&amp;__cft__[0]=AZUXnj5IYKFAKF3GJDHSl8861Y4dQ1fFdP0co5vtuXj17knyv04z7hu1_39SVyMRaGbUtvGpLCDZrvHu2QlN_c4xH79v4Jrq4tAGqFzEiEYrHTOo6wLHcKnVPb8hZLAlxOaXKLRTQF9N7kFY3OlOBs8FNuTa2lheg4JESSBwQNzM8Q&amp;__tn__=*NK-R\">#cras<\/a><\/div>\n<div dir=\"auto\"><a class=\"oajrlxb2 g5ia77u1 qu0x051f esr5mh6w e9989ue4 r7d6kgcz rq0escxv nhd2j8a9 nc684nl6 p7hjln8o kvgmc6g5 cxmmr5t8 oygrvhab hcukyx3x jb3vyjys rz4wbd8a qt6c0cv9 a8nywdso i1ao9s8h esuyzwwr f1sip0of lzcic4wl gpro0wi8 q66pz984 b1v8xokw\" tabindex=\"0\" role=\"link\" href=\"https:\/\/www.facebook.com\/hashtag\/trabalhandoparaopovo?__eep__=6&amp;__cft__[0]=AZUXnj5IYKFAKF3GJDHSl8861Y4dQ1fFdP0co5vtuXj17knyv04z7hu1_39SVyMRaGbUtvGpLCDZrvHu2QlN_c4xH79v4Jrq4tAGqFzEiEYrHTOo6wLHcKnVPb8hZLAlxOaXKLRTQF9N7kFY3OlOBs8FNuTa2lheg4JESSBwQNzM8Q&amp;__tn__=*NK-R\">#trabalhandoparaopovo<\/a><\/div>\n<div dir=\"auto\"><a href=\"https:\/\/abelfigueiredo.pa.gov.br\/wp-content\/uploads\/2022\/07\/291426312_420367446673669_5529937229799501141_n.jpg\"><img loading=\"lazy\" decoding=\"async\" class=\"alignnone size-medium wp-image-10833\" src=\"https:\/\/abelfigueiredo.pa.gov.br\/wp-content\/uploads\/2022\/07\/291426312_420367446673669_5529937229799501141_n-261x300.jpg\" alt=\"\" width=\"261\" height=\"300\" \/><\/a> <a href=\"https:\/\/abelfigueiredo.pa.gov.br\/wp-content\/uploads\/2022\/07\/291778408_420367333340347_6261201125150379074_n.jpg\"><img loading=\"lazy\" decoding=\"async\" class=\"alignnone size-medium wp-image-10834\" src=\"https:\/\/abelfigueiredo.pa.gov.br\/wp-content\/uploads\/2022\/07\/291778408_420367333340347_6261201125150379074_n-300x293.jpg\" alt=\"\" width=\"300\" height=\"293\" \/><\/a> <a href=\"https:\/\/abelfigueiredo.pa.gov.br\/wp-content\/uploads\/2022\/07\/291838797_420367313340349_1541026683927151632_n.jpg\"><img loading=\"lazy\" decoding=\"async\" class=\"alignnone size-medium wp-image-10835\" src=\"https:\/\/abelfigueiredo.pa.gov.br\/wp-content\/uploads\/2022\/07\/291838797_420367313340349_1541026683927151632_n-291x300.jpg\" alt=\"\" width=\"291\" height=\"300\" \/><\/a> <a href=\"https:\/\/abelfigueiredo.pa.gov.br\/wp-content\/uploads\/2022\/07\/291563822_420367266673687_2111727635996580744_n.jpg\"><img loading=\"lazy\" decoding=\"async\" class=\"alignnone size-medium wp-image-10836\" src=\"https:\/\/abelfigueiredo.pa.gov.br\/wp-content\/uploads\/2022\/07\/291563822_420367266673687_2111727635996580744_n-273x300.jpg\" alt=\"\" width=\"273\" height=\"300\" \/><\/a> <a href=\"https:\/\/abelfigueiredo.pa.gov.br\/wp-content\/uploads\/2022\/07\/291731884_420367290007018_5129393684459555327_n.jpg\"><img loading=\"lazy\" decoding=\"async\" class=\"alignnone size-medium wp-image-10837\" src=\"https:\/\/abelfigueiredo.pa.gov.br\/wp-content\/uploads\/2022\/07\/291731884_420367290007018_5129393684459555327_n-300x291.jpg\" alt=\"\" width=\"300\" height=\"291\" \/><\/a> <a href=\"https:\/\/abelfigueiredo.pa.gov.br\/wp-content\/uploads\/2022\/07\/291524439_420367186673695_3465890926326329253_n.jpg\"><img loading=\"lazy\" decoding=\"async\" class=\"alignnone size-medium wp-image-10838\" src=\"https:\/\/abelfigueiredo.pa.gov.br\/wp-content\/uploads\/2022\/07\/291524439_420367186673695_3465890926326329253_n-292x300.jpg\" alt=\"\" width=\"292\" height=\"300\" \/><\/a> <a href=\"https:\/\/abelfigueiredo.pa.gov.br\/wp-content\/uploads\/2022\/07\/291546845_420367170007030_7558973856433392451_n.jpg\"><img loading=\"lazy\" decoding=\"async\" class=\"alignnone size-medium wp-image-10839\" src=\"https:\/\/abelfigueiredo.pa.gov.br\/wp-content\/uploads\/2022\/07\/291546845_420367170007030_7558973856433392451_n-268x300.jpg\" alt=\"\" width=\"268\" height=\"300\" \/><\/a> <a href=\"https:\/\/abelfigueiredo.pa.gov.br\/wp-content\/uploads\/2022\/07\/291334140_420367110007036_1236359010739954798_n.jpg\"><img loading=\"lazy\" decoding=\"async\" class=\"alignnone size-medium wp-image-10840\" src=\"https:\/\/abelfigueiredo.pa.gov.br\/wp-content\/uploads\/2022\/07\/291334140_420367110007036_1236359010739954798_n-300x292.jpg\" alt=\"\" width=\"300\" height=\"292\" \/><\/a> <a href=\"https:\/\/abelfigueiredo.pa.gov.br\/wp-content\/uploads\/2022\/07\/291526888_420367066673707_3295679735804205333_n.jpg\"><img loading=\"lazy\" decoding=\"async\" class=\"alignnone size-medium wp-image-10841\" src=\"https:\/\/abelfigueiredo.pa.gov.br\/wp-content\/uploads\/2022\/07\/291526888_420367066673707_3295679735804205333_n-300x280.jpg\" alt=\"\" width=\"300\" height=\"280\" \/><\/a> <a href=\"https:\/\/abelfigueiredo.pa.gov.br\/wp-content\/uploads\/2022\/07\/291569830_420366996673714_8097777872984196300_n.jpg\"><img loading=\"lazy\" decoding=\"async\" class=\"alignnone size-medium wp-image-10842\" src=\"https:\/\/abelfigueiredo.pa.gov.br\/wp-content\/uploads\/2022\/07\/291569830_420366996673714_8097777872984196300_n-259x300.jpg\" alt=\"\" width=\"259\" height=\"300\" \/><\/a> <a href=\"https:\/\/abelfigueiredo.pa.gov.br\/wp-content\/uploads\/2022\/07\/291510027_420366940007053_1209388004684309172_n.jpg\"><img loading=\"lazy\" decoding=\"async\" class=\"alignnone size-medium wp-image-10843\" src=\"https:\/\/abelfigueiredo.pa.gov.br\/wp-content\/uploads\/2022\/07\/291510027_420366940007053_1209388004684309172_n-292x300.jpg\" alt=\"\" width=\"292\" height=\"300\" \/><\/a> <a href=\"https:\/\/abelfigueiredo.pa.gov.br\/wp-content\/uploads\/2022\/07\/291607075_420366910007056_912558842996158009_n.jpg\"><img loading=\"lazy\" decoding=\"async\" class=\"alignnone size-medium wp-image-10844\" src=\"https:\/\/abelfigueiredo.pa.gov.br\/wp-content\/uploads\/2022\/07\/291607075_420366910007056_912558842996158009_n-293x300.jpg\" alt=\"\" width=\"293\" height=\"300\" \/><\/a> <a href=\"https:\/\/abelfigueiredo.pa.gov.br\/wp-content\/uploads\/2022\/07\/290895231_420366890007058_2774026392451783364_n.jpg\"><img loading=\"lazy\" decoding=\"async\" class=\"alignnone size-medium wp-image-10845\" src=\"https:\/\/abelfigueiredo.pa.gov.br\/wp-content\/uploads\/2022\/07\/290895231_420366890007058_2774026392451783364_n-256x300.jpg\" alt=\"\" width=\"256\" height=\"300\" \/><\/a> <a href=\"https:\/\/abelfigueiredo.pa.gov.br\/wp-content\/uploads\/2022\/07\/291155229_420366853340395_7044812395396114421_n.jpg\"><img loading=\"lazy\" decoding=\"async\" class=\"alignnone size-medium wp-image-10846\" src=\"https:\/\/abelfigueiredo.pa.gov.br\/wp-content\/uploads\/2022\/07\/291155229_420366853340395_7044812395396114421_n-300x271.jpg\" alt=\"\" width=\"300\" height=\"271\" \/><\/a> <a href=\"https:\/\/abelfigueiredo.pa.gov.br\/wp-content\/uploads\/2022\/07\/291499526_420366830007064_7993196249150086595_n.jpg\"><img loading=\"lazy\" decoding=\"async\" class=\"alignnone size-medium wp-image-10847\" src=\"https:\/\/abelfigueiredo.pa.gov.br\/wp-content\/uploads\/2022\/07\/291499526_420366830007064_7993196249150086595_n-300x269.jpg\" alt=\"\" width=\"300\" height=\"269\" \/><\/a> <a href=\"https:\/\/abelfigueiredo.pa.gov.br\/wp-content\/uploads\/2022\/07\/291520606_420366823340398_3433656635066137848_n.jpg\"><img loading=\"lazy\" decoding=\"async\" class=\"alignnone size-medium wp-image-10848\" src=\"https:\/\/abelfigueiredo.pa.gov.br\/wp-content\/uploads\/2022\/07\/291520606_420366823340398_3433656635066137848_n-288x300.jpg\" alt=\"\" width=\"288\" height=\"300\" \/><\/a> <a href=\"https:\/\/abelfigueiredo.pa.gov.br\/wp-content\/uploads\/2022\/07\/291602698_420366273340453_8888381386184229821_n.jpg\"><img loading=\"lazy\" decoding=\"async\" class=\"alignnone size-medium wp-image-10849\" src=\"https:\/\/abelfigueiredo.pa.gov.br\/wp-content\/uploads\/2022\/07\/291602698_420366273340453_8888381386184229821_n-275x300.jpg\" alt=\"\" width=\"275\" height=\"300\" \/><\/a> <a href=\"https:\/\/abelfigueiredo.pa.gov.br\/wp-content\/uploads\/2022\/07\/291518076_420366240007123_3661127420466661721_n.jpg\"><img loading=\"lazy\" decoding=\"async\" class=\"alignnone size-medium wp-image-10850\" src=\"https:\/\/abelfigueiredo.pa.gov.br\/wp-content\/uploads\/2022\/07\/291518076_420366240007123_3661127420466661721_n-297x300.jpg\" alt=\"\" width=\"297\" height=\"300\" \/><\/a> <a href=\"https:\/\/abelfigueiredo.pa.gov.br\/wp-content\/uploads\/2022\/07\/291498997_420366213340459_8730160832645255057_n.jpg\"><img loading=\"lazy\" decoding=\"async\" class=\"alignnone size-medium wp-image-10851\" src=\"https:\/\/abelfigueiredo.pa.gov.br\/wp-content\/uploads\/2022\/07\/291498997_420366213340459_8730160832645255057_n-300x289.jpg\" alt=\"\" width=\"300\" height=\"289\" \/><\/a> <a href=\"https:\/\/abelfigueiredo.pa.gov.br\/wp-content\/uploads\/2022\/07\/291880879_420366156673798_500747363799241154_n.jpg\"><img loading=\"lazy\" decoding=\"async\" class=\"alignnone size-medium wp-image-10852\" src=\"https:\/\/abelfigueiredo.pa.gov.br\/wp-content\/uploads\/2022\/07\/291880879_420366156673798_500747363799241154_n-260x300.jpg\" alt=\"\" width=\"260\" height=\"300\" \/><\/a> <a href=\"https:\/\/abelfigueiredo.pa.gov.br\/wp-content\/uploads\/2022\/07\/291790490_420365946673819_8280741755908121982_n.jpg\"><img loading=\"lazy\" decoding=\"async\" class=\"alignnone size-medium wp-image-10853\" src=\"https:\/\/abelfigueiredo.pa.gov.br\/wp-content\/uploads\/2022\/07\/291790490_420365946673819_8280741755908121982_n-300x292.jpg\" alt=\"\" width=\"300\" height=\"292\" \/><\/a><\/div>\n<\/div>\n","protected":false},"excerpt":{"rendered":"<p>A Prefeitura de Abel Figueiredo administra\u00e7\u00e3o Prefeito Ant\u00f4nio Calhau vice Evandro da Serraria, atrav\u00e9s da Secretaria Municipal de Desenvolvimento e Promo\u00e7\u00e3o Social, Secret\u00e1ria Winnie Ayla Barbosa e equipe, realizaram na noite desta \u00faltima quinta-feira 30 de junho no p\u00e1tio da Secretaria da Assist\u00eancia, o Arrai\u00e1 da Melhor Idade, com uma super decora\u00e7\u00e3o preparada com muito<\/p>\n<div class=\"read-more\"><a href=\"https:\/\/abelfigueiredo.pa.gov.br\/site\/arraia-da-melhor-idade-realizada-com-sucesso-em-abel-figueiredo-pa\/\" title=\"Veja mais\">Veja mais<\/a><\/div>\n","protected":false},"author":25,"featured_media":10853,"comment_status":"closed","ping_status":"closed","sticky":false,"template":"","format":"standard","meta":{"footnotes":""},"categories":[1],"tags":[],"class_list":{"0":"post-10832","1":"post","2":"type-post","3":"status-publish","4":"format-standard","5":"has-post-thumbnail","7":"category-noticias"},"yoast_head":"<!-- This site is optimized with the Yoast SEO plugin v26.6 - https:\/\/yoast.com\/wordpress\/plugins\/seo\/ -->\n<title>Arrai\u00e1 da Melhor Idade realizada com sucesso em Abel Figueiredo-PA. - Prefeitura Municipal de Abel Figueiredo | Gest\u00e3o 2025-2028<\/title>\n<meta name=\"robots\" content=\"index, follow, max-snippet:-1, max-image-preview:large, max-video-preview:-1\" \/>\n<link rel=\"canonical\" href=\"https:\/\/abelfigueiredo.pa.gov.br\/site\/arraia-da-melhor-idade-realizada-com-sucesso-em-abel-figueiredo-pa\/\" \/>\n<meta property=\"og:locale\" content=\"pt_BR\" \/>\n<meta property=\"og:type\" content=\"article\" \/>\n<meta property=\"og:title\" content=\"Arrai\u00e1 da Melhor Idade realizada com sucesso em Abel Figueiredo-PA. - Prefeitura Municipal de Abel Figueiredo | Gest\u00e3o 2025-2028\" \/>\n<meta property=\"og:description\" content=\"A Prefeitura de Abel Figueiredo administra\u00e7\u00e3o Prefeito Ant\u00f4nio Calhau vice Evandro da Serraria, atrav\u00e9s da Secretaria Municipal de Desenvolvimento e Promo\u00e7\u00e3o Social, Secret\u00e1ria Winnie Ayla Barbosa e equipe, realizaram na noite desta \u00faltima quinta-feira 30 de junho no p\u00e1tio da Secretaria da Assist\u00eancia, o Arrai\u00e1 da Melhor Idade, com uma super decora\u00e7\u00e3o preparada com muitoVeja mais\" \/>\n<meta property=\"og:url\" content=\"https:\/\/abelfigueiredo.pa.gov.br\/site\/arraia-da-melhor-idade-realizada-com-sucesso-em-abel-figueiredo-pa\/\" \/>\n<meta property=\"og:site_name\" content=\"Prefeitura Municipal de Abel Figueiredo | Gest\u00e3o 2025-2028\" \/>\n<meta property=\"article:published_time\" content=\"2022-06-30T11:23:27+00:00\" \/>\n<meta property=\"og:image\" content=\"https:\/\/abelfigueiredo.pa.gov.br\/wp-content\/uploads\/2022\/07\/291426312_420367446673669_5529937229799501141_n-261x300.jpg\" \/>\n<meta name=\"author\" content=\"cr2-admin7\" \/>\n<meta name=\"twitter:label1\" content=\"Escrito por\" \/>\n\t<meta name=\"twitter:data1\" content=\"cr2-admin7\" \/>\n\t<meta name=\"twitter:label2\" content=\"Est. tempo de leitura\" \/>\n\t<meta name=\"twitter:data2\" content=\"1 minuto\" \/>\n<script type=\"application\/ld+json\" class=\"yoast-schema-graph\">{\"@context\":\"https:\/\/schema.org\",\"@graph\":[{\"@type\":\"WebPage\",\"@id\":\"https:\/\/abelfigueiredo.pa.gov.br\/site\/arraia-da-melhor-idade-realizada-com-sucesso-em-abel-figueiredo-pa\/\",\"url\":\"https:\/\/abelfigueiredo.pa.gov.br\/site\/arraia-da-melhor-idade-realizada-com-sucesso-em-abel-figueiredo-pa\/\",\"name\":\"Arrai\u00e1 da Melhor Idade realizada com sucesso em Abel Figueiredo-PA. - Prefeitura Municipal de Abel Figueiredo | Gest\u00e3o 2025-2028\",\"isPartOf\":{\"@id\":\"https:\/\/abelfigueiredo.pa.gov.br\/site\/#website\"},\"primaryImageOfPage\":{\"@id\":\"https:\/\/abelfigueiredo.pa.gov.br\/site\/arraia-da-melhor-idade-realizada-com-sucesso-em-abel-figueiredo-pa\/#primaryimage\"},\"image\":{\"@id\":\"https:\/\/abelfigueiredo.pa.gov.br\/site\/arraia-da-melhor-idade-realizada-com-sucesso-em-abel-figueiredo-pa\/#primaryimage\"},\"thumbnailUrl\":\"\",\"datePublished\":\"2022-06-30T11:23:27+00:00\",\"author\":{\"@id\":\"https:\/\/abelfigueiredo.pa.gov.br\/site\/#\/schema\/person\/8ad42264973e06f0c04ce0da9b13d6eb\"},\"inLanguage\":\"pt-BR\",\"potentialAction\":[{\"@type\":\"ReadAction\",\"target\":[\"https:\/\/abelfigueiredo.pa.gov.br\/site\/arraia-da-melhor-idade-realizada-com-sucesso-em-abel-figueiredo-pa\/\"]}]},{\"@type\":\"ImageObject\",\"inLanguage\":\"pt-BR\",\"@id\":\"https:\/\/abelfigueiredo.pa.gov.br\/site\/arraia-da-melhor-idade-realizada-com-sucesso-em-abel-figueiredo-pa\/#primaryimage\",\"url\":\"\",\"contentUrl\":\"\"},{\"@type\":\"WebSite\",\"@id\":\"https:\/\/abelfigueiredo.pa.gov.br\/site\/#website\",\"url\":\"https:\/\/abelfigueiredo.pa.gov.br\/site\/\",\"name\":\"Prefeitura Municipal de Abel Figueiredo | Gest\u00e3o 2025-2028\",\"description\":\"Site oficial da Prefeitura Municipal de Abel Figueiredo\",\"potentialAction\":[{\"@type\":\"SearchAction\",\"target\":{\"@type\":\"EntryPoint\",\"urlTemplate\":\"https:\/\/abelfigueiredo.pa.gov.br\/site\/?s={search_term_string}\"},\"query-input\":{\"@type\":\"PropertyValueSpecification\",\"valueRequired\":true,\"valueName\":\"search_term_string\"}}],\"inLanguage\":\"pt-BR\"},{\"@type\":\"Person\",\"@id\":\"https:\/\/abelfigueiredo.pa.gov.br\/site\/#\/schema\/person\/8ad42264973e06f0c04ce0da9b13d6eb\",\"name\":\"cr2-admin7\",\"image\":{\"@type\":\"ImageObject\",\"inLanguage\":\"pt-BR\",\"@id\":\"https:\/\/abelfigueiredo.pa.gov.br\/site\/#\/schema\/person\/image\/\",\"url\":\"https:\/\/secure.gravatar.com\/avatar\/7e0402aa11e91bb8aa8a7c6b64146517a7337d48fdac50e07c495efd61016444?s=96&d=mm&r=g\",\"contentUrl\":\"https:\/\/secure.gravatar.com\/avatar\/7e0402aa11e91bb8aa8a7c6b64146517a7337d48fdac50e07c495efd61016444?s=96&d=mm&r=g\",\"caption\":\"cr2-admin7\"},\"url\":\"https:\/\/abelfigueiredo.pa.gov.br\/site\/author\/cr2-admin7\/\"}]}<\/script>\n<!-- \/ Yoast SEO plugin. -->","yoast_head_json":{"title":"Arrai\u00e1 da Melhor Idade realizada com sucesso em Abel Figueiredo-PA. - Prefeitura Municipal de Abel Figueiredo | Gest\u00e3o 2025-2028","robots":{"index":"index","follow":"follow","max-snippet":"max-snippet:-1","max-image-preview":"max-image-preview:large","max-video-preview":"max-video-preview:-1"},"canonical":"https:\/\/abelfigueiredo.pa.gov.br\/site\/arraia-da-melhor-idade-realizada-com-sucesso-em-abel-figueiredo-pa\/","og_locale":"pt_BR","og_type":"article","og_title":"Arrai\u00e1 da Melhor Idade realizada com sucesso em Abel Figueiredo-PA. - Prefeitura Municipal de Abel Figueiredo | Gest\u00e3o 2025-2028","og_description":"A Prefeitura de Abel Figueiredo administra\u00e7\u00e3o Prefeito Ant\u00f4nio Calhau vice Evandro da Serraria, atrav\u00e9s da Secretaria Municipal de Desenvolvimento e Promo\u00e7\u00e3o Social, Secret\u00e1ria Winnie Ayla Barbosa e equipe, realizaram na noite desta \u00faltima quinta-feira 30 de junho no p\u00e1tio da Secretaria da Assist\u00eancia, o Arrai\u00e1 da Melhor Idade, com uma super decora\u00e7\u00e3o preparada com muitoVeja mais","og_url":"https:\/\/abelfigueiredo.pa.gov.br\/site\/arraia-da-melhor-idade-realizada-com-sucesso-em-abel-figueiredo-pa\/","og_site_name":"Prefeitura Municipal de Abel Figueiredo | Gest\u00e3o 2025-2028","article_published_time":"2022-06-30T11:23:27+00:00","og_image":[{"url":"https:\/\/abelfigueiredo.pa.gov.br\/wp-content\/uploads\/2022\/07\/291426312_420367446673669_5529937229799501141_n-261x300.jpg","type":"","width":"","height":""}],"author":"cr2-admin7","twitter_misc":{"Escrito por":"cr2-admin7","Est. tempo de leitura":"1 minuto"},"schema":{"@context":"https:\/\/schema.org","@graph":[{"@type":"WebPage","@id":"https:\/\/abelfigueiredo.pa.gov.br\/site\/arraia-da-melhor-idade-realizada-com-sucesso-em-abel-figueiredo-pa\/","url":"https:\/\/abelfigueiredo.pa.gov.br\/site\/arraia-da-melhor-idade-realizada-com-sucesso-em-abel-figueiredo-pa\/","name":"Arrai\u00e1 da Melhor Idade realizada com sucesso em Abel Figueiredo-PA. - Prefeitura Municipal de Abel Figueiredo | Gest\u00e3o 2025-2028","isPartOf":{"@id":"https:\/\/abelfigueiredo.pa.gov.br\/site\/#website"},"primaryImageOfPage":{"@id":"https:\/\/abelfigueiredo.pa.gov.br\/site\/arraia-da-melhor-idade-realizada-com-sucesso-em-abel-figueiredo-pa\/#primaryimage"},"image":{"@id":"https:\/\/abelfigueiredo.pa.gov.br\/site\/arraia-da-melhor-idade-realizada-com-sucesso-em-abel-figueiredo-pa\/#primaryimage"},"thumbnailUrl":"","datePublished":"2022-06-30T11:23:27+00:00","author":{"@id":"https:\/\/abelfigueiredo.pa.gov.br\/site\/#\/schema\/person\/8ad42264973e06f0c04ce0da9b13d6eb"},"inLanguage":"pt-BR","potentialAction":[{"@type":"ReadAction","target":["https:\/\/abelfigueiredo.pa.gov.br\/site\/arraia-da-melhor-idade-realizada-com-sucesso-em-abel-figueiredo-pa\/"]}]},{"@type":"ImageObject","inLanguage":"pt-BR","@id":"https:\/\/abelfigueiredo.pa.gov.br\/site\/arraia-da-melhor-idade-realizada-com-sucesso-em-abel-figueiredo-pa\/#primaryimage","url":"","contentUrl":""},{"@type":"WebSite","@id":"https:\/\/abelfigueiredo.pa.gov.br\/site\/#website","url":"https:\/\/abelfigueiredo.pa.gov.br\/site\/","name":"Prefeitura Municipal de Abel Figueiredo | Gest\u00e3o 2025-2028","description":"Site oficial da Prefeitura Municipal de Abel Figueiredo","potentialAction":[{"@type":"SearchAction","target":{"@type":"EntryPoint","urlTemplate":"https:\/\/abelfigueiredo.pa.gov.br\/site\/?s={search_term_string}"},"query-input":{"@type":"PropertyValueSpecification","valueRequired":true,"valueName":"search_term_string"}}],"inLanguage":"pt-BR"},{"@type":"Person","@id":"https:\/\/abelfigueiredo.pa.gov.br\/site\/#\/schema\/person\/8ad42264973e06f0c04ce0da9b13d6eb","name":"cr2-admin7","image":{"@type":"ImageObject","inLanguage":"pt-BR","@id":"https:\/\/abelfigueiredo.pa.gov.br\/site\/#\/schema\/person\/image\/","url":"https:\/\/secure.gravatar.com\/avatar\/7e0402aa11e91bb8aa8a7c6b64146517a7337d48fdac50e07c495efd61016444?s=96&d=mm&r=g","contentUrl":"https:\/\/secure.gravatar.com\/avatar\/7e0402aa11e91bb8aa8a7c6b64146517a7337d48fdac50e07c495efd61016444?s=96&d=mm&r=g","caption":"cr2-admin7"},"url":"https:\/\/abelfigueiredo.pa.gov.br\/site\/author\/cr2-admin7\/"}]}},"_links":{"self":[{"href":"https:\/\/abelfigueiredo.pa.gov.br\/site\/wp-json\/wp\/v2\/posts\/10832","targetHints":{"allow":["GET"]}}],"collection":[{"href":"https:\/\/abelfigueiredo.pa.gov.br\/site\/wp-json\/wp\/v2\/posts"}],"about":[{"href":"https:\/\/abelfigueiredo.pa.gov.br\/site\/wp-json\/wp\/v2\/types\/post"}],"author":[{"embeddable":true,"href":"https:\/\/abelfigueiredo.pa.gov.br\/site\/wp-json\/wp\/v2\/users\/25"}],"replies":[{"embeddable":true,"href":"https:\/\/abelfigueiredo.pa.gov.br\/site\/wp-json\/wp\/v2\/comments?post=10832"}],"version-history":[{"count":0,"href":"https:\/\/abelfigueiredo.pa.gov.br\/site\/wp-json\/wp\/v2\/posts\/10832\/revisions"}],"wp:featuredmedia":[{"embeddable":true,"href":"https:\/\/abelfigueiredo.pa.gov.br\/site\/wp-json\/"}],"wp:attachment":[{"href":"https:\/\/abelfigueiredo.pa.gov.br\/site\/wp-json\/wp\/v2\/media?parent=10832"}],"wp:term":[{"taxonomy":"category","embeddable":true,"href":"https:\/\/abelfigueiredo.pa.gov.br\/site\/wp-json\/wp\/v2\/categories?post=10832"},{"taxonomy":"post_tag","embeddable":true,"href":"https:\/\/abelfigueiredo.pa.gov.br\/site\/wp-json\/wp\/v2\/tags?post=10832"}],"curies":[{"name":"wp","href":"https:\/\/api.w.org\/{rel}","templated":true}]}}