{"id":10378,"date":"2022-06-03T09:16:03","date_gmt":"2022-06-03T12:16:03","guid":{"rendered":"https:\/\/abelfigueiredo.pa.gov.br\/?p=10378"},"modified":"2022-06-03T09:16:03","modified_gmt":"2022-06-03T12:16:03","slug":"e-neste-sabado-a-grande-final-do-17-copao-intermunicipal-de-futebol","status":"publish","type":"post","link":"https:\/\/abelfigueiredo.pa.gov.br\/site\/e-neste-sabado-a-grande-final-do-17-copao-intermunicipal-de-futebol\/","title":{"rendered":"\u00c9 neste s\u00e1bado a grande Final do 17\u00b0 COP\u00c3O INTERMUNICIPAL DE FUTEBOL."},"content":{"rendered":"<p><a class=\"oajrlxb2 g5ia77u1 qu0x051f esr5mh6w e9989ue4 r7d6kgcz rq0escxv nhd2j8a9 nc684nl6 p7hjln8o kvgmc6g5 cxmmr5t8 oygrvhab hcukyx3x jb3vyjys rz4wbd8a qt6c0cv9 a8nywdso i1ao9s8h esuyzwwr f1sip0of lzcic4wl gpro0wi8 oo9gr5id lrazzd5p\" tabindex=\"0\" role=\"link\" href=\"https:\/\/www.facebook.com\/hashtag\/compartilhe?__eep__=6&amp;__cft__[0]=AZWfpX6QxSf4FZqrE5Oaevk93lto99SEtq_kQcWZaf5fiuzbDxJXDI9muwM4rNLDglKDros6bb5MICrRHu9qa4GQvCyyXD6u65yiFHENJXNuyRAgdMR0yDLP9d0AmYUefCGjXf5g_i53sCCBAaBP2mfxMOZEZc0HMnrguVRbTQgbXg&amp;__tn__=*NK*F\">#compartilhe<\/a><\/p>\n<p>DOIS TIMES DE ABEL FIGUEIREDO NA GRANDE DISPUTA PELA TA\u00c7A DE CAMPE\u00c3O 2022<br \/>\nUm jog\u00e3o de bola pra entrar pra hist\u00f3ria!!!<\/p>\n<p>VILA REAL E INTERNACIONAL<\/p>\n<p>S\u00e1bado \u00e0s 16:00h no EST\u00c1DIO BRIT\u00c3O. Voc\u00ea n\u00e3o pode perder.<br \/>\nTransmiss\u00e3o ao vivo pelo Facebook e Yutube da Prefeitura com NARRA\u00c7\u00c3O De PAULO HENRIQUE DOS SANTOS (PH) da r\u00e1dio clube.<\/p>\n<p><a class=\"oajrlxb2 g5ia77u1 qu0x051f esr5mh6w e9989ue4 r7d6kgcz rq0escxv nhd2j8a9 nc684nl6 p7hjln8o kvgmc6g5 cxmmr5t8 oygrvhab hcukyx3x jb3vyjys rz4wbd8a qt6c0cv9 a8nywdso i1ao9s8h esuyzwwr f1sip0of lzcic4wl gpro0wi8 oo9gr5id lrazzd5p\" tabindex=\"0\" role=\"link\" href=\"https:\/\/www.facebook.com\/hashtag\/prefeituradeabel?__eep__=6&amp;__cft__[0]=AZWfpX6QxSf4FZqrE5Oaevk93lto99SEtq_kQcWZaf5fiuzbDxJXDI9muwM4rNLDglKDros6bb5MICrRHu9qa4GQvCyyXD6u65yiFHENJXNuyRAgdMR0yDLP9d0AmYUefCGjXf5g_i53sCCBAaBP2mfxMOZEZc0HMnrguVRbTQgbXg&amp;__tn__=*NK*F\">#prefeituradeabel<\/a><br \/>\n<a class=\"oajrlxb2 g5ia77u1 qu0x051f esr5mh6w e9989ue4 r7d6kgcz rq0escxv nhd2j8a9 nc684nl6 p7hjln8o kvgmc6g5 cxmmr5t8 oygrvhab hcukyx3x jb3vyjys rz4wbd8a qt6c0cv9 a8nywdso i1ao9s8h esuyzwwr f1sip0of lzcic4wl gpro0wi8 oo9gr5id lrazzd5p\" tabindex=\"0\" role=\"link\" href=\"https:\/\/www.facebook.com\/hashtag\/depdeesportes?__eep__=6&amp;__cft__[0]=AZWfpX6QxSf4FZqrE5Oaevk93lto99SEtq_kQcWZaf5fiuzbDxJXDI9muwM4rNLDglKDros6bb5MICrRHu9qa4GQvCyyXD6u65yiFHENJXNuyRAgdMR0yDLP9d0AmYUefCGjXf5g_i53sCCBAaBP2mfxMOZEZc0HMnrguVRbTQgbXg&amp;__tn__=*NK*F\">#depdeesportes<\/a><br \/>\n<a class=\"oajrlxb2 g5ia77u1 qu0x051f esr5mh6w e9989ue4 r7d6kgcz rq0escxv nhd2j8a9 nc684nl6 p7hjln8o kvgmc6g5 cxmmr5t8 oygrvhab hcukyx3x jb3vyjys rz4wbd8a qt6c0cv9 a8nywdso i1ao9s8h esuyzwwr f1sip0of lzcic4wl gpro0wi8 oo9gr5id lrazzd5p\" tabindex=\"0\" role=\"link\" href=\"https:\/\/www.facebook.com\/hashtag\/trabalhandoparaopovo?__eep__=6&amp;__cft__[0]=AZWfpX6QxSf4FZqrE5Oaevk93lto99SEtq_kQcWZaf5fiuzbDxJXDI9muwM4rNLDglKDros6bb5MICrRHu9qa4GQvCyyXD6u65yiFHENJXNuyRAgdMR0yDLP9d0AmYUefCGjXf5g_i53sCCBAaBP2mfxMOZEZc0HMnrguVRbTQgbXg&amp;__tn__=*NK*F\">#trabalhandoparaopovo<\/a><\/p>\n<p><a href=\"https:\/\/abelfigueiredo.pa.gov.br\/wp-content\/uploads\/2022\/06\/285603274_401744485202632_7139432308591487119_n.jpg\"><img loading=\"lazy\" decoding=\"async\" class=\"alignnone size-medium wp-image-10379\" src=\"https:\/\/abelfigueiredo.pa.gov.br\/wp-content\/uploads\/2022\/06\/285603274_401744485202632_7139432308591487119_n-240x300.jpg\" alt=\"\" width=\"240\" height=\"300\" \/><\/a><\/p>\n","protected":false},"excerpt":{"rendered":"<p>#compartilhe DOIS TIMES DE ABEL FIGUEIREDO NA GRANDE DISPUTA PELA TA\u00c7A DE CAMPE\u00c3O 2022 Um jog\u00e3o de bola pra entrar pra hist\u00f3ria!!! VILA REAL E INTERNACIONAL S\u00e1bado \u00e0s 16:00h no EST\u00c1DIO BRIT\u00c3O. Voc\u00ea n\u00e3o pode perder. Transmiss\u00e3o ao vivo pelo Facebook e Yutube da Prefeitura com NARRA\u00c7\u00c3O De PAULO HENRIQUE DOS SANTOS (PH) da r\u00e1dio<\/p>\n<div class=\"read-more\"><a href=\"https:\/\/abelfigueiredo.pa.gov.br\/site\/e-neste-sabado-a-grande-final-do-17-copao-intermunicipal-de-futebol\/\" title=\"Veja mais\">Veja mais<\/a><\/div>\n","protected":false},"author":25,"featured_media":10379,"comment_status":"closed","ping_status":"closed","sticky":false,"template":"","format":"standard","meta":{"footnotes":""},"categories":[1],"tags":[],"class_list":{"0":"post-10378","1":"post","2":"type-post","3":"status-publish","4":"format-standard","5":"has-post-thumbnail","7":"category-noticias"},"yoast_head":"<!-- This site is optimized with the Yoast SEO plugin v26.6 - https:\/\/yoast.com\/wordpress\/plugins\/seo\/ -->\n<title>\u00c9 neste s\u00e1bado a grande Final do 17\u00b0 COP\u00c3O INTERMUNICIPAL DE FUTEBOL. - Prefeitura Municipal de Abel Figueiredo | Gest\u00e3o 2025-2028<\/title>\n<meta name=\"robots\" content=\"index, follow, max-snippet:-1, max-image-preview:large, max-video-preview:-1\" \/>\n<link rel=\"canonical\" href=\"https:\/\/abelfigueiredo.pa.gov.br\/site\/e-neste-sabado-a-grande-final-do-17-copao-intermunicipal-de-futebol\/\" \/>\n<meta property=\"og:locale\" content=\"pt_BR\" \/>\n<meta property=\"og:type\" content=\"article\" \/>\n<meta property=\"og:title\" content=\"\u00c9 neste s\u00e1bado a grande Final do 17\u00b0 COP\u00c3O INTERMUNICIPAL DE FUTEBOL. - Prefeitura Municipal de Abel Figueiredo | Gest\u00e3o 2025-2028\" \/>\n<meta property=\"og:description\" content=\"#compartilhe DOIS TIMES DE ABEL FIGUEIREDO NA GRANDE DISPUTA PELA TA\u00c7A DE CAMPE\u00c3O 2022 Um jog\u00e3o de bola pra entrar pra hist\u00f3ria!!! VILA REAL E INTERNACIONAL S\u00e1bado \u00e0s 16:00h no EST\u00c1DIO BRIT\u00c3O. Voc\u00ea n\u00e3o pode perder. Transmiss\u00e3o ao vivo pelo Facebook e Yutube da Prefeitura com NARRA\u00c7\u00c3O De PAULO HENRIQUE DOS SANTOS (PH) da r\u00e1dioVeja mais\" \/>\n<meta property=\"og:url\" content=\"https:\/\/abelfigueiredo.pa.gov.br\/site\/e-neste-sabado-a-grande-final-do-17-copao-intermunicipal-de-futebol\/\" \/>\n<meta property=\"og:site_name\" content=\"Prefeitura Municipal de Abel Figueiredo | Gest\u00e3o 2025-2028\" \/>\n<meta property=\"article:published_time\" content=\"2022-06-03T12:16:03+00:00\" \/>\n<meta property=\"og:image\" content=\"https:\/\/abelfigueiredo.pa.gov.br\/wp-content\/uploads\/2022\/06\/285603274_401744485202632_7139432308591487119_n-240x300.jpg\" \/>\n<meta name=\"author\" content=\"cr2-admin7\" \/>\n<meta name=\"twitter:label1\" content=\"Escrito por\" \/>\n\t<meta name=\"twitter:data1\" content=\"cr2-admin7\" \/>\n<script type=\"application\/ld+json\" class=\"yoast-schema-graph\">{\"@context\":\"https:\/\/schema.org\",\"@graph\":[{\"@type\":\"WebPage\",\"@id\":\"https:\/\/abelfigueiredo.pa.gov.br\/site\/e-neste-sabado-a-grande-final-do-17-copao-intermunicipal-de-futebol\/\",\"url\":\"https:\/\/abelfigueiredo.pa.gov.br\/site\/e-neste-sabado-a-grande-final-do-17-copao-intermunicipal-de-futebol\/\",\"name\":\"\u00c9 neste s\u00e1bado a grande Final do 17\u00b0 COP\u00c3O INTERMUNICIPAL DE FUTEBOL. - Prefeitura Municipal de Abel Figueiredo | Gest\u00e3o 2025-2028\",\"isPartOf\":{\"@id\":\"https:\/\/abelfigueiredo.pa.gov.br\/site\/#website\"},\"primaryImageOfPage\":{\"@id\":\"https:\/\/abelfigueiredo.pa.gov.br\/site\/e-neste-sabado-a-grande-final-do-17-copao-intermunicipal-de-futebol\/#primaryimage\"},\"image\":{\"@id\":\"https:\/\/abelfigueiredo.pa.gov.br\/site\/e-neste-sabado-a-grande-final-do-17-copao-intermunicipal-de-futebol\/#primaryimage\"},\"thumbnailUrl\":\"\",\"datePublished\":\"2022-06-03T12:16:03+00:00\",\"author\":{\"@id\":\"https:\/\/abelfigueiredo.pa.gov.br\/site\/#\/schema\/person\/8ad42264973e06f0c04ce0da9b13d6eb\"},\"inLanguage\":\"pt-BR\",\"potentialAction\":[{\"@type\":\"ReadAction\",\"target\":[\"https:\/\/abelfigueiredo.pa.gov.br\/site\/e-neste-sabado-a-grande-final-do-17-copao-intermunicipal-de-futebol\/\"]}]},{\"@type\":\"ImageObject\",\"inLanguage\":\"pt-BR\",\"@id\":\"https:\/\/abelfigueiredo.pa.gov.br\/site\/e-neste-sabado-a-grande-final-do-17-copao-intermunicipal-de-futebol\/#primaryimage\",\"url\":\"\",\"contentUrl\":\"\"},{\"@type\":\"WebSite\",\"@id\":\"https:\/\/abelfigueiredo.pa.gov.br\/site\/#website\",\"url\":\"https:\/\/abelfigueiredo.pa.gov.br\/site\/\",\"name\":\"Prefeitura Municipal de Abel Figueiredo | Gest\u00e3o 2025-2028\",\"description\":\"Site oficial da Prefeitura Municipal de Abel Figueiredo\",\"potentialAction\":[{\"@type\":\"SearchAction\",\"target\":{\"@type\":\"EntryPoint\",\"urlTemplate\":\"https:\/\/abelfigueiredo.pa.gov.br\/site\/?s={search_term_string}\"},\"query-input\":{\"@type\":\"PropertyValueSpecification\",\"valueRequired\":true,\"valueName\":\"search_term_string\"}}],\"inLanguage\":\"pt-BR\"},{\"@type\":\"Person\",\"@id\":\"https:\/\/abelfigueiredo.pa.gov.br\/site\/#\/schema\/person\/8ad42264973e06f0c04ce0da9b13d6eb\",\"name\":\"cr2-admin7\",\"image\":{\"@type\":\"ImageObject\",\"inLanguage\":\"pt-BR\",\"@id\":\"https:\/\/abelfigueiredo.pa.gov.br\/site\/#\/schema\/person\/image\/\",\"url\":\"https:\/\/secure.gravatar.com\/avatar\/7e0402aa11e91bb8aa8a7c6b64146517a7337d48fdac50e07c495efd61016444?s=96&d=mm&r=g\",\"contentUrl\":\"https:\/\/secure.gravatar.com\/avatar\/7e0402aa11e91bb8aa8a7c6b64146517a7337d48fdac50e07c495efd61016444?s=96&d=mm&r=g\",\"caption\":\"cr2-admin7\"},\"url\":\"https:\/\/abelfigueiredo.pa.gov.br\/site\/author\/cr2-admin7\/\"}]}<\/script>\n<!-- \/ Yoast SEO plugin. -->","yoast_head_json":{"title":"\u00c9 neste s\u00e1bado a grande Final do 17\u00b0 COP\u00c3O INTERMUNICIPAL DE FUTEBOL. - Prefeitura Municipal de Abel Figueiredo | Gest\u00e3o 2025-2028","robots":{"index":"index","follow":"follow","max-snippet":"max-snippet:-1","max-image-preview":"max-image-preview:large","max-video-preview":"max-video-preview:-1"},"canonical":"https:\/\/abelfigueiredo.pa.gov.br\/site\/e-neste-sabado-a-grande-final-do-17-copao-intermunicipal-de-futebol\/","og_locale":"pt_BR","og_type":"article","og_title":"\u00c9 neste s\u00e1bado a grande Final do 17\u00b0 COP\u00c3O INTERMUNICIPAL DE FUTEBOL. - Prefeitura Municipal de Abel Figueiredo | Gest\u00e3o 2025-2028","og_description":"#compartilhe DOIS TIMES DE ABEL FIGUEIREDO NA GRANDE DISPUTA PELA TA\u00c7A DE CAMPE\u00c3O 2022 Um jog\u00e3o de bola pra entrar pra hist\u00f3ria!!! VILA REAL E INTERNACIONAL S\u00e1bado \u00e0s 16:00h no EST\u00c1DIO BRIT\u00c3O. Voc\u00ea n\u00e3o pode perder. Transmiss\u00e3o ao vivo pelo Facebook e Yutube da Prefeitura com NARRA\u00c7\u00c3O De PAULO HENRIQUE DOS SANTOS (PH) da r\u00e1dioVeja mais","og_url":"https:\/\/abelfigueiredo.pa.gov.br\/site\/e-neste-sabado-a-grande-final-do-17-copao-intermunicipal-de-futebol\/","og_site_name":"Prefeitura Municipal de Abel Figueiredo | Gest\u00e3o 2025-2028","article_published_time":"2022-06-03T12:16:03+00:00","og_image":[{"url":"https:\/\/abelfigueiredo.pa.gov.br\/wp-content\/uploads\/2022\/06\/285603274_401744485202632_7139432308591487119_n-240x300.jpg","type":"","width":"","height":""}],"author":"cr2-admin7","twitter_misc":{"Escrito por":"cr2-admin7"},"schema":{"@context":"https:\/\/schema.org","@graph":[{"@type":"WebPage","@id":"https:\/\/abelfigueiredo.pa.gov.br\/site\/e-neste-sabado-a-grande-final-do-17-copao-intermunicipal-de-futebol\/","url":"https:\/\/abelfigueiredo.pa.gov.br\/site\/e-neste-sabado-a-grande-final-do-17-copao-intermunicipal-de-futebol\/","name":"\u00c9 neste s\u00e1bado a grande Final do 17\u00b0 COP\u00c3O INTERMUNICIPAL DE FUTEBOL. - Prefeitura Municipal de Abel Figueiredo | Gest\u00e3o 2025-2028","isPartOf":{"@id":"https:\/\/abelfigueiredo.pa.gov.br\/site\/#website"},"primaryImageOfPage":{"@id":"https:\/\/abelfigueiredo.pa.gov.br\/site\/e-neste-sabado-a-grande-final-do-17-copao-intermunicipal-de-futebol\/#primaryimage"},"image":{"@id":"https:\/\/abelfigueiredo.pa.gov.br\/site\/e-neste-sabado-a-grande-final-do-17-copao-intermunicipal-de-futebol\/#primaryimage"},"thumbnailUrl":"","datePublished":"2022-06-03T12:16:03+00:00","author":{"@id":"https:\/\/abelfigueiredo.pa.gov.br\/site\/#\/schema\/person\/8ad42264973e06f0c04ce0da9b13d6eb"},"inLanguage":"pt-BR","potentialAction":[{"@type":"ReadAction","target":["https:\/\/abelfigueiredo.pa.gov.br\/site\/e-neste-sabado-a-grande-final-do-17-copao-intermunicipal-de-futebol\/"]}]},{"@type":"ImageObject","inLanguage":"pt-BR","@id":"https:\/\/abelfigueiredo.pa.gov.br\/site\/e-neste-sabado-a-grande-final-do-17-copao-intermunicipal-de-futebol\/#primaryimage","url":"","contentUrl":""},{"@type":"WebSite","@id":"https:\/\/abelfigueiredo.pa.gov.br\/site\/#website","url":"https:\/\/abelfigueiredo.pa.gov.br\/site\/","name":"Prefeitura Municipal de Abel Figueiredo | Gest\u00e3o 2025-2028","description":"Site oficial da Prefeitura Municipal de Abel Figueiredo","potentialAction":[{"@type":"SearchAction","target":{"@type":"EntryPoint","urlTemplate":"https:\/\/abelfigueiredo.pa.gov.br\/site\/?s={search_term_string}"},"query-input":{"@type":"PropertyValueSpecification","valueRequired":true,"valueName":"search_term_string"}}],"inLanguage":"pt-BR"},{"@type":"Person","@id":"https:\/\/abelfigueiredo.pa.gov.br\/site\/#\/schema\/person\/8ad42264973e06f0c04ce0da9b13d6eb","name":"cr2-admin7","image":{"@type":"ImageObject","inLanguage":"pt-BR","@id":"https:\/\/abelfigueiredo.pa.gov.br\/site\/#\/schema\/person\/image\/","url":"https:\/\/secure.gravatar.com\/avatar\/7e0402aa11e91bb8aa8a7c6b64146517a7337d48fdac50e07c495efd61016444?s=96&d=mm&r=g","contentUrl":"https:\/\/secure.gravatar.com\/avatar\/7e0402aa11e91bb8aa8a7c6b64146517a7337d48fdac50e07c495efd61016444?s=96&d=mm&r=g","caption":"cr2-admin7"},"url":"https:\/\/abelfigueiredo.pa.gov.br\/site\/author\/cr2-admin7\/"}]}},"_links":{"self":[{"href":"https:\/\/abelfigueiredo.pa.gov.br\/site\/wp-json\/wp\/v2\/posts\/10378","targetHints":{"allow":["GET"]}}],"collection":[{"href":"https:\/\/abelfigueiredo.pa.gov.br\/site\/wp-json\/wp\/v2\/posts"}],"about":[{"href":"https:\/\/abelfigueiredo.pa.gov.br\/site\/wp-json\/wp\/v2\/types\/post"}],"author":[{"embeddable":true,"href":"https:\/\/abelfigueiredo.pa.gov.br\/site\/wp-json\/wp\/v2\/users\/25"}],"replies":[{"embeddable":true,"href":"https:\/\/abelfigueiredo.pa.gov.br\/site\/wp-json\/wp\/v2\/comments?post=10378"}],"version-history":[{"count":0,"href":"https:\/\/abelfigueiredo.pa.gov.br\/site\/wp-json\/wp\/v2\/posts\/10378\/revisions"}],"wp:featuredmedia":[{"embeddable":true,"href":"https:\/\/abelfigueiredo.pa.gov.br\/site\/wp-json\/"}],"wp:attachment":[{"href":"https:\/\/abelfigueiredo.pa.gov.br\/site\/wp-json\/wp\/v2\/media?parent=10378"}],"wp:term":[{"taxonomy":"category","embeddable":true,"href":"https:\/\/abelfigueiredo.pa.gov.br\/site\/wp-json\/wp\/v2\/categories?post=10378"},{"taxonomy":"post_tag","embeddable":true,"href":"https:\/\/abelfigueiredo.pa.gov.br\/site\/wp-json\/wp\/v2\/tags?post=10378"}],"curies":[{"name":"wp","href":"https:\/\/api.w.org\/{rel}","templated":true}]}}