{"id":10357,"date":"2022-06-02T17:08:17","date_gmt":"2022-06-02T20:08:17","guid":{"rendered":"https:\/\/abelfigueiredo.pa.gov.br\/?p=10357"},"modified":"2022-06-02T17:08:17","modified_gmt":"2022-06-02T20:08:17","slug":"a-campanha-de-vacinacao-contra-gripe-e-sarampo-esta-na-reta-final","status":"publish","type":"post","link":"https:\/\/abelfigueiredo.pa.gov.br\/site\/a-campanha-de-vacinacao-contra-gripe-e-sarampo-esta-na-reta-final\/","title":{"rendered":"A Campanha de Vacina\u00e7\u00e3o Contra GRIPE E SARAMPO est\u00e1 na reta final."},"content":{"rendered":"<p><a class=\"oajrlxb2 g5ia77u1 qu0x051f esr5mh6w e9989ue4 r7d6kgcz rq0escxv nhd2j8a9 nc684nl6 p7hjln8o kvgmc6g5 cxmmr5t8 oygrvhab hcukyx3x jb3vyjys rz4wbd8a qt6c0cv9 a8nywdso i1ao9s8h esuyzwwr f1sip0of lzcic4wl gpro0wi8 oo9gr5id lrazzd5p\" tabindex=\"0\" role=\"link\" href=\"https:\/\/www.facebook.com\/hashtag\/compartilhe?__eep__=6&amp;__cft__[0]=AZVEeJ2g1J3xkEhDrqJKlVtiQhpz-qx8sss3QuktKTJ-q3SHOsjpCBfgKt22TLWQuF0mHFZW6r4UFe0l-eS1zbWxj8sy50bNwYol09bSWv5BlO-lTAQdQnXAeBu8iXJJUBA2OkcoH6br3vWpcjq35BG-o-WNoH7fyjA_OET9SlRfGA&amp;__tn__=*NK*F\">#compartilhe<\/a><\/p>\n<p>Nesta quinta-feira tem Coruj\u00e3o da Vacina\u00e7\u00e3o contra Gripe, Sarampo e Covid-19.<\/p>\n<p>Hor\u00e1rio:17:30 \u00e0s 20:30h<br \/>\nSe voc\u00ea tem filhos de 6 meses a menor de 5 anos, n\u00e3o perca esta oportunidade de proteger seu filho contra a Gripe e Sarampo! Procure sua Unidade de Sa\u00fade !! Idosos, Professores, Policiais, Pessoas com Diabetes, Card\u00edacas, Asma, Renais , Sindrome de Down, Deficientes Permanentes: F\u00edsico, Auditivo, Mental, Visual devem fazer a vacina contra a Gripe!! O PRAZO FINAL \u00c9 ATE\u00b403 DE JUNHO!! CORRA PARA PROTE\u00c7\u00c3O!!<\/p>\n<p>Traga sua carteira de vacina\u00e7\u00e3o!<\/p>\n<p>Vacina salva vidas!<\/p>\n<p><a class=\"oajrlxb2 g5ia77u1 qu0x051f esr5mh6w e9989ue4 r7d6kgcz rq0escxv nhd2j8a9 nc684nl6 p7hjln8o kvgmc6g5 cxmmr5t8 oygrvhab hcukyx3x jb3vyjys rz4wbd8a qt6c0cv9 a8nywdso i1ao9s8h esuyzwwr f1sip0of lzcic4wl gpro0wi8 oo9gr5id lrazzd5p\" tabindex=\"0\" role=\"link\" href=\"https:\/\/www.facebook.com\/hashtag\/prefeituradeabel?__eep__=6&amp;__cft__[0]=AZVEeJ2g1J3xkEhDrqJKlVtiQhpz-qx8sss3QuktKTJ-q3SHOsjpCBfgKt22TLWQuF0mHFZW6r4UFe0l-eS1zbWxj8sy50bNwYol09bSWv5BlO-lTAQdQnXAeBu8iXJJUBA2OkcoH6br3vWpcjq35BG-o-WNoH7fyjA_OET9SlRfGA&amp;__tn__=*NK*F\">#prefeituradeabel<\/a><br \/>\n<a class=\"oajrlxb2 g5ia77u1 qu0x051f esr5mh6w e9989ue4 r7d6kgcz rq0escxv nhd2j8a9 nc684nl6 p7hjln8o kvgmc6g5 cxmmr5t8 oygrvhab hcukyx3x jb3vyjys rz4wbd8a qt6c0cv9 a8nywdso i1ao9s8h esuyzwwr f1sip0of lzcic4wl gpro0wi8 oo9gr5id lrazzd5p\" tabindex=\"0\" role=\"link\" href=\"https:\/\/www.facebook.com\/hashtag\/secdesaude?__eep__=6&amp;__cft__[0]=AZVEeJ2g1J3xkEhDrqJKlVtiQhpz-qx8sss3QuktKTJ-q3SHOsjpCBfgKt22TLWQuF0mHFZW6r4UFe0l-eS1zbWxj8sy50bNwYol09bSWv5BlO-lTAQdQnXAeBu8iXJJUBA2OkcoH6br3vWpcjq35BG-o-WNoH7fyjA_OET9SlRfGA&amp;__tn__=*NK*F\">#secdesaude<\/a><br \/>\n<a class=\"oajrlxb2 g5ia77u1 qu0x051f esr5mh6w e9989ue4 r7d6kgcz rq0escxv nhd2j8a9 nc684nl6 p7hjln8o kvgmc6g5 cxmmr5t8 oygrvhab hcukyx3x jb3vyjys rz4wbd8a qt6c0cv9 a8nywdso i1ao9s8h esuyzwwr f1sip0of lzcic4wl gpro0wi8 oo9gr5id lrazzd5p\" tabindex=\"0\" role=\"link\" href=\"https:\/\/www.facebook.com\/hashtag\/trabalhandoparaopovo?__eep__=6&amp;__cft__[0]=AZVEeJ2g1J3xkEhDrqJKlVtiQhpz-qx8sss3QuktKTJ-q3SHOsjpCBfgKt22TLWQuF0mHFZW6r4UFe0l-eS1zbWxj8sy50bNwYol09bSWv5BlO-lTAQdQnXAeBu8iXJJUBA2OkcoH6br3vWpcjq35BG-o-WNoH7fyjA_OET9SlRfGA&amp;__tn__=*NK*F\">#trabalhandoparaopovo<\/a><\/p>\n<p><a href=\"https:\/\/abelfigueiredo.pa.gov.br\/wp-content\/uploads\/2022\/06\/285163616_401476298562784_8313527234029013613_n.jpg\"><img loading=\"lazy\" decoding=\"async\" class=\"alignnone size-medium wp-image-10358\" src=\"https:\/\/abelfigueiredo.pa.gov.br\/wp-content\/uploads\/2022\/06\/285163616_401476298562784_8313527234029013613_n-250x300.jpg\" alt=\"\" width=\"250\" height=\"300\" \/><\/a><\/p>\n","protected":false},"excerpt":{"rendered":"<p>#compartilhe Nesta quinta-feira tem Coruj\u00e3o da Vacina\u00e7\u00e3o contra Gripe, Sarampo e Covid-19. Hor\u00e1rio:17:30 \u00e0s 20:30h Se voc\u00ea tem filhos de 6 meses a menor de 5 anos, n\u00e3o perca esta oportunidade de proteger seu filho contra a Gripe e Sarampo! Procure sua Unidade de Sa\u00fade !! Idosos, Professores, Policiais, Pessoas com Diabetes, Card\u00edacas, Asma, Renais<\/p>\n<div class=\"read-more\"><a href=\"https:\/\/abelfigueiredo.pa.gov.br\/site\/a-campanha-de-vacinacao-contra-gripe-e-sarampo-esta-na-reta-final\/\" title=\"Veja mais\">Veja mais<\/a><\/div>\n","protected":false},"author":25,"featured_media":10358,"comment_status":"closed","ping_status":"closed","sticky":false,"template":"","format":"standard","meta":{"footnotes":""},"categories":[1],"tags":[],"class_list":{"0":"post-10357","1":"post","2":"type-post","3":"status-publish","4":"format-standard","5":"has-post-thumbnail","7":"category-noticias"},"yoast_head":"<!-- This site is optimized with the Yoast SEO plugin v26.6 - https:\/\/yoast.com\/wordpress\/plugins\/seo\/ -->\n<title>A Campanha de Vacina\u00e7\u00e3o Contra GRIPE E SARAMPO est\u00e1 na reta final. - Prefeitura Municipal de Abel Figueiredo | Gest\u00e3o 2025-2028<\/title>\n<meta name=\"robots\" content=\"index, follow, max-snippet:-1, max-image-preview:large, max-video-preview:-1\" \/>\n<link rel=\"canonical\" href=\"https:\/\/abelfigueiredo.pa.gov.br\/site\/a-campanha-de-vacinacao-contra-gripe-e-sarampo-esta-na-reta-final\/\" \/>\n<meta property=\"og:locale\" content=\"pt_BR\" \/>\n<meta property=\"og:type\" content=\"article\" \/>\n<meta property=\"og:title\" content=\"A Campanha de Vacina\u00e7\u00e3o Contra GRIPE E SARAMPO est\u00e1 na reta final. - Prefeitura Municipal de Abel Figueiredo | Gest\u00e3o 2025-2028\" \/>\n<meta property=\"og:description\" content=\"#compartilhe Nesta quinta-feira tem Coruj\u00e3o da Vacina\u00e7\u00e3o contra Gripe, Sarampo e Covid-19. Hor\u00e1rio:17:30 \u00e0s 20:30h Se voc\u00ea tem filhos de 6 meses a menor de 5 anos, n\u00e3o perca esta oportunidade de proteger seu filho contra a Gripe e Sarampo! Procure sua Unidade de Sa\u00fade !! Idosos, Professores, Policiais, Pessoas com Diabetes, Card\u00edacas, Asma, RenaisVeja mais\" \/>\n<meta property=\"og:url\" content=\"https:\/\/abelfigueiredo.pa.gov.br\/site\/a-campanha-de-vacinacao-contra-gripe-e-sarampo-esta-na-reta-final\/\" \/>\n<meta property=\"og:site_name\" content=\"Prefeitura Municipal de Abel Figueiredo | Gest\u00e3o 2025-2028\" \/>\n<meta property=\"article:published_time\" content=\"2022-06-02T20:08:17+00:00\" \/>\n<meta property=\"og:image\" content=\"https:\/\/abelfigueiredo.pa.gov.br\/wp-content\/uploads\/2022\/06\/285163616_401476298562784_8313527234029013613_n-250x300.jpg\" \/>\n<meta name=\"author\" content=\"cr2-admin7\" \/>\n<meta name=\"twitter:label1\" content=\"Escrito por\" \/>\n\t<meta name=\"twitter:data1\" content=\"cr2-admin7\" \/>\n<script type=\"application\/ld+json\" class=\"yoast-schema-graph\">{\"@context\":\"https:\/\/schema.org\",\"@graph\":[{\"@type\":\"WebPage\",\"@id\":\"https:\/\/abelfigueiredo.pa.gov.br\/site\/a-campanha-de-vacinacao-contra-gripe-e-sarampo-esta-na-reta-final\/\",\"url\":\"https:\/\/abelfigueiredo.pa.gov.br\/site\/a-campanha-de-vacinacao-contra-gripe-e-sarampo-esta-na-reta-final\/\",\"name\":\"A Campanha de Vacina\u00e7\u00e3o Contra GRIPE E SARAMPO est\u00e1 na reta final. - Prefeitura Municipal de Abel Figueiredo | Gest\u00e3o 2025-2028\",\"isPartOf\":{\"@id\":\"https:\/\/abelfigueiredo.pa.gov.br\/site\/#website\"},\"primaryImageOfPage\":{\"@id\":\"https:\/\/abelfigueiredo.pa.gov.br\/site\/a-campanha-de-vacinacao-contra-gripe-e-sarampo-esta-na-reta-final\/#primaryimage\"},\"image\":{\"@id\":\"https:\/\/abelfigueiredo.pa.gov.br\/site\/a-campanha-de-vacinacao-contra-gripe-e-sarampo-esta-na-reta-final\/#primaryimage\"},\"thumbnailUrl\":\"\",\"datePublished\":\"2022-06-02T20:08:17+00:00\",\"author\":{\"@id\":\"https:\/\/abelfigueiredo.pa.gov.br\/site\/#\/schema\/person\/8ad42264973e06f0c04ce0da9b13d6eb\"},\"inLanguage\":\"pt-BR\",\"potentialAction\":[{\"@type\":\"ReadAction\",\"target\":[\"https:\/\/abelfigueiredo.pa.gov.br\/site\/a-campanha-de-vacinacao-contra-gripe-e-sarampo-esta-na-reta-final\/\"]}]},{\"@type\":\"ImageObject\",\"inLanguage\":\"pt-BR\",\"@id\":\"https:\/\/abelfigueiredo.pa.gov.br\/site\/a-campanha-de-vacinacao-contra-gripe-e-sarampo-esta-na-reta-final\/#primaryimage\",\"url\":\"\",\"contentUrl\":\"\"},{\"@type\":\"WebSite\",\"@id\":\"https:\/\/abelfigueiredo.pa.gov.br\/site\/#website\",\"url\":\"https:\/\/abelfigueiredo.pa.gov.br\/site\/\",\"name\":\"Prefeitura Municipal de Abel Figueiredo | Gest\u00e3o 2025-2028\",\"description\":\"Site oficial da Prefeitura Municipal de Abel Figueiredo\",\"potentialAction\":[{\"@type\":\"SearchAction\",\"target\":{\"@type\":\"EntryPoint\",\"urlTemplate\":\"https:\/\/abelfigueiredo.pa.gov.br\/site\/?s={search_term_string}\"},\"query-input\":{\"@type\":\"PropertyValueSpecification\",\"valueRequired\":true,\"valueName\":\"search_term_string\"}}],\"inLanguage\":\"pt-BR\"},{\"@type\":\"Person\",\"@id\":\"https:\/\/abelfigueiredo.pa.gov.br\/site\/#\/schema\/person\/8ad42264973e06f0c04ce0da9b13d6eb\",\"name\":\"cr2-admin7\",\"image\":{\"@type\":\"ImageObject\",\"inLanguage\":\"pt-BR\",\"@id\":\"https:\/\/abelfigueiredo.pa.gov.br\/site\/#\/schema\/person\/image\/\",\"url\":\"https:\/\/secure.gravatar.com\/avatar\/7e0402aa11e91bb8aa8a7c6b64146517a7337d48fdac50e07c495efd61016444?s=96&d=mm&r=g\",\"contentUrl\":\"https:\/\/secure.gravatar.com\/avatar\/7e0402aa11e91bb8aa8a7c6b64146517a7337d48fdac50e07c495efd61016444?s=96&d=mm&r=g\",\"caption\":\"cr2-admin7\"},\"url\":\"https:\/\/abelfigueiredo.pa.gov.br\/site\/author\/cr2-admin7\/\"}]}<\/script>\n<!-- \/ Yoast SEO plugin. -->","yoast_head_json":{"title":"A Campanha de Vacina\u00e7\u00e3o Contra GRIPE E SARAMPO est\u00e1 na reta final. - Prefeitura Municipal de Abel Figueiredo | Gest\u00e3o 2025-2028","robots":{"index":"index","follow":"follow","max-snippet":"max-snippet:-1","max-image-preview":"max-image-preview:large","max-video-preview":"max-video-preview:-1"},"canonical":"https:\/\/abelfigueiredo.pa.gov.br\/site\/a-campanha-de-vacinacao-contra-gripe-e-sarampo-esta-na-reta-final\/","og_locale":"pt_BR","og_type":"article","og_title":"A Campanha de Vacina\u00e7\u00e3o Contra GRIPE E SARAMPO est\u00e1 na reta final. - Prefeitura Municipal de Abel Figueiredo | Gest\u00e3o 2025-2028","og_description":"#compartilhe Nesta quinta-feira tem Coruj\u00e3o da Vacina\u00e7\u00e3o contra Gripe, Sarampo e Covid-19. Hor\u00e1rio:17:30 \u00e0s 20:30h Se voc\u00ea tem filhos de 6 meses a menor de 5 anos, n\u00e3o perca esta oportunidade de proteger seu filho contra a Gripe e Sarampo! Procure sua Unidade de Sa\u00fade !! Idosos, Professores, Policiais, Pessoas com Diabetes, Card\u00edacas, Asma, RenaisVeja mais","og_url":"https:\/\/abelfigueiredo.pa.gov.br\/site\/a-campanha-de-vacinacao-contra-gripe-e-sarampo-esta-na-reta-final\/","og_site_name":"Prefeitura Municipal de Abel Figueiredo | Gest\u00e3o 2025-2028","article_published_time":"2022-06-02T20:08:17+00:00","og_image":[{"url":"https:\/\/abelfigueiredo.pa.gov.br\/wp-content\/uploads\/2022\/06\/285163616_401476298562784_8313527234029013613_n-250x300.jpg","type":"","width":"","height":""}],"author":"cr2-admin7","twitter_misc":{"Escrito por":"cr2-admin7"},"schema":{"@context":"https:\/\/schema.org","@graph":[{"@type":"WebPage","@id":"https:\/\/abelfigueiredo.pa.gov.br\/site\/a-campanha-de-vacinacao-contra-gripe-e-sarampo-esta-na-reta-final\/","url":"https:\/\/abelfigueiredo.pa.gov.br\/site\/a-campanha-de-vacinacao-contra-gripe-e-sarampo-esta-na-reta-final\/","name":"A Campanha de Vacina\u00e7\u00e3o Contra GRIPE E SARAMPO est\u00e1 na reta final. - Prefeitura Municipal de Abel Figueiredo | Gest\u00e3o 2025-2028","isPartOf":{"@id":"https:\/\/abelfigueiredo.pa.gov.br\/site\/#website"},"primaryImageOfPage":{"@id":"https:\/\/abelfigueiredo.pa.gov.br\/site\/a-campanha-de-vacinacao-contra-gripe-e-sarampo-esta-na-reta-final\/#primaryimage"},"image":{"@id":"https:\/\/abelfigueiredo.pa.gov.br\/site\/a-campanha-de-vacinacao-contra-gripe-e-sarampo-esta-na-reta-final\/#primaryimage"},"thumbnailUrl":"","datePublished":"2022-06-02T20:08:17+00:00","author":{"@id":"https:\/\/abelfigueiredo.pa.gov.br\/site\/#\/schema\/person\/8ad42264973e06f0c04ce0da9b13d6eb"},"inLanguage":"pt-BR","potentialAction":[{"@type":"ReadAction","target":["https:\/\/abelfigueiredo.pa.gov.br\/site\/a-campanha-de-vacinacao-contra-gripe-e-sarampo-esta-na-reta-final\/"]}]},{"@type":"ImageObject","inLanguage":"pt-BR","@id":"https:\/\/abelfigueiredo.pa.gov.br\/site\/a-campanha-de-vacinacao-contra-gripe-e-sarampo-esta-na-reta-final\/#primaryimage","url":"","contentUrl":""},{"@type":"WebSite","@id":"https:\/\/abelfigueiredo.pa.gov.br\/site\/#website","url":"https:\/\/abelfigueiredo.pa.gov.br\/site\/","name":"Prefeitura Municipal de Abel Figueiredo | Gest\u00e3o 2025-2028","description":"Site oficial da Prefeitura Municipal de Abel Figueiredo","potentialAction":[{"@type":"SearchAction","target":{"@type":"EntryPoint","urlTemplate":"https:\/\/abelfigueiredo.pa.gov.br\/site\/?s={search_term_string}"},"query-input":{"@type":"PropertyValueSpecification","valueRequired":true,"valueName":"search_term_string"}}],"inLanguage":"pt-BR"},{"@type":"Person","@id":"https:\/\/abelfigueiredo.pa.gov.br\/site\/#\/schema\/person\/8ad42264973e06f0c04ce0da9b13d6eb","name":"cr2-admin7","image":{"@type":"ImageObject","inLanguage":"pt-BR","@id":"https:\/\/abelfigueiredo.pa.gov.br\/site\/#\/schema\/person\/image\/","url":"https:\/\/secure.gravatar.com\/avatar\/7e0402aa11e91bb8aa8a7c6b64146517a7337d48fdac50e07c495efd61016444?s=96&d=mm&r=g","contentUrl":"https:\/\/secure.gravatar.com\/avatar\/7e0402aa11e91bb8aa8a7c6b64146517a7337d48fdac50e07c495efd61016444?s=96&d=mm&r=g","caption":"cr2-admin7"},"url":"https:\/\/abelfigueiredo.pa.gov.br\/site\/author\/cr2-admin7\/"}]}},"_links":{"self":[{"href":"https:\/\/abelfigueiredo.pa.gov.br\/site\/wp-json\/wp\/v2\/posts\/10357","targetHints":{"allow":["GET"]}}],"collection":[{"href":"https:\/\/abelfigueiredo.pa.gov.br\/site\/wp-json\/wp\/v2\/posts"}],"about":[{"href":"https:\/\/abelfigueiredo.pa.gov.br\/site\/wp-json\/wp\/v2\/types\/post"}],"author":[{"embeddable":true,"href":"https:\/\/abelfigueiredo.pa.gov.br\/site\/wp-json\/wp\/v2\/users\/25"}],"replies":[{"embeddable":true,"href":"https:\/\/abelfigueiredo.pa.gov.br\/site\/wp-json\/wp\/v2\/comments?post=10357"}],"version-history":[{"count":0,"href":"https:\/\/abelfigueiredo.pa.gov.br\/site\/wp-json\/wp\/v2\/posts\/10357\/revisions"}],"wp:featuredmedia":[{"embeddable":true,"href":"https:\/\/abelfigueiredo.pa.gov.br\/site\/wp-json\/"}],"wp:attachment":[{"href":"https:\/\/abelfigueiredo.pa.gov.br\/site\/wp-json\/wp\/v2\/media?parent=10357"}],"wp:term":[{"taxonomy":"category","embeddable":true,"href":"https:\/\/abelfigueiredo.pa.gov.br\/site\/wp-json\/wp\/v2\/categories?post=10357"},{"taxonomy":"post_tag","embeddable":true,"href":"https:\/\/abelfigueiredo.pa.gov.br\/site\/wp-json\/wp\/v2\/tags?post=10357"}],"curies":[{"name":"wp","href":"https:\/\/api.w.org\/{rel}","templated":true}]}}