{"id":10194,"date":"2022-05-20T15:52:06","date_gmt":"2022-05-20T18:52:06","guid":{"rendered":"https:\/\/abelfigueiredo.pa.gov.br\/?p=10194"},"modified":"2022-05-20T15:52:06","modified_gmt":"2022-05-20T18:52:06","slug":"20-de-maio-dia-do-pedagogo","status":"publish","type":"post","link":"https:\/\/abelfigueiredo.pa.gov.br\/site\/20-de-maio-dia-do-pedagogo\/","title":{"rendered":"20 de maio, Dia do Pedagogo."},"content":{"rendered":"<p>Pedagogo, como dizia Paulo Freire, &#8220;Ensinar n\u00e3o \u00e9 transferir conhecimento, mas criar as possibilidades para a sua pr\u00f3pria produ\u00e7\u00e3o ou a sua constru\u00e7\u00e3o&#8221;.<br \/>\n&#8220;Feliz aquele que transfere o que sabe e aprende o que ensina.\u00a0Parab\u00e9ns, pedagogo.&#8221;<\/p>\n<p><a class=\"oajrlxb2 g5ia77u1 qu0x051f esr5mh6w e9989ue4 r7d6kgcz rq0escxv nhd2j8a9 nc684nl6 p7hjln8o kvgmc6g5 cxmmr5t8 oygrvhab hcukyx3x jb3vyjys rz4wbd8a qt6c0cv9 a8nywdso i1ao9s8h esuyzwwr f1sip0of lzcic4wl gpro0wi8 oo9gr5id lrazzd5p\" tabindex=\"0\" role=\"link\" href=\"https:\/\/www.facebook.com\/hashtag\/prefeituradeabel?__eep__=6&amp;__cft__[0]=AZUlTAhp_YbZdcO5bxuVA6kHeNpuJwiuL5V7agB2SJY2OYbBXM5vNvdoZIDuwyDhvTqK3wId4kg3t2otTH1E-c9TLNc2krk0ls4oq89DaZPVWKYC4GantksA0C8J-MAe12SnMncKAawiLxL7bAdUjiXq&amp;__tn__=*NK*F\">#prefeituradeabel<\/a><br \/>\n<a class=\"oajrlxb2 g5ia77u1 qu0x051f esr5mh6w e9989ue4 r7d6kgcz rq0escxv nhd2j8a9 nc684nl6 p7hjln8o kvgmc6g5 cxmmr5t8 oygrvhab hcukyx3x jb3vyjys rz4wbd8a qt6c0cv9 a8nywdso i1ao9s8h esuyzwwr f1sip0of lzcic4wl gpro0wi8 oo9gr5id lrazzd5p\" tabindex=\"0\" role=\"link\" href=\"https:\/\/www.facebook.com\/hashtag\/secdeeducacao?__eep__=6&amp;__cft__[0]=AZUlTAhp_YbZdcO5bxuVA6kHeNpuJwiuL5V7agB2SJY2OYbBXM5vNvdoZIDuwyDhvTqK3wId4kg3t2otTH1E-c9TLNc2krk0ls4oq89DaZPVWKYC4GantksA0C8J-MAe12SnMncKAawiLxL7bAdUjiXq&amp;__tn__=*NK*F\">#secdeeducacao<\/a><br \/>\n<a class=\"oajrlxb2 g5ia77u1 qu0x051f esr5mh6w e9989ue4 r7d6kgcz rq0escxv nhd2j8a9 nc684nl6 p7hjln8o kvgmc6g5 cxmmr5t8 oygrvhab hcukyx3x jb3vyjys rz4wbd8a qt6c0cv9 a8nywdso i1ao9s8h esuyzwwr f1sip0of lzcic4wl gpro0wi8 oo9gr5id lrazzd5p\" tabindex=\"0\" role=\"link\" href=\"https:\/\/www.facebook.com\/hashtag\/trabalhandoparaopovo?__eep__=6&amp;__cft__[0]=AZUlTAhp_YbZdcO5bxuVA6kHeNpuJwiuL5V7agB2SJY2OYbBXM5vNvdoZIDuwyDhvTqK3wId4kg3t2otTH1E-c9TLNc2krk0ls4oq89DaZPVWKYC4GantksA0C8J-MAe12SnMncKAawiLxL7bAdUjiXq&amp;__tn__=*NK*F\">#trabalhandoparaopovo<\/a><\/p>\n<p><a href=\"https:\/\/abelfigueiredo.pa.gov.br\/wp-content\/uploads\/2022\/05\/282291688_393368742706873_8672838958701705635_n.jpg\"><img loading=\"lazy\" decoding=\"async\" class=\"alignnone size-medium wp-image-10195\" src=\"https:\/\/abelfigueiredo.pa.gov.br\/wp-content\/uploads\/2022\/05\/282291688_393368742706873_8672838958701705635_n-271x300.jpg\" alt=\"\" width=\"271\" height=\"300\" \/><\/a><\/p>\n","protected":false},"excerpt":{"rendered":"<p>Pedagogo, como dizia Paulo Freire, &#8220;Ensinar n\u00e3o \u00e9 transferir conhecimento, mas criar as possibilidades para a sua pr\u00f3pria produ\u00e7\u00e3o ou a sua constru\u00e7\u00e3o&#8221;. &#8220;Feliz aquele que transfere o que sabe e aprende o que ensina.\u00a0Parab\u00e9ns, pedagogo.&#8221; #prefeituradeabel #secdeeducacao #trabalhandoparaopovo<\/p>\n","protected":false},"author":25,"featured_media":10195,"comment_status":"closed","ping_status":"closed","sticky":false,"template":"","format":"standard","meta":{"footnotes":""},"categories":[1],"tags":[],"class_list":{"0":"post-10194","1":"post","2":"type-post","3":"status-publish","4":"format-standard","5":"has-post-thumbnail","7":"category-noticias"},"yoast_head":"<!-- This site is optimized with the Yoast SEO plugin v26.6 - https:\/\/yoast.com\/wordpress\/plugins\/seo\/ -->\n<title>20 de maio, Dia do Pedagogo. - Prefeitura Municipal de Abel Figueiredo | Gest\u00e3o 2025-2028<\/title>\n<meta name=\"robots\" content=\"index, follow, max-snippet:-1, max-image-preview:large, max-video-preview:-1\" \/>\n<link rel=\"canonical\" href=\"https:\/\/abelfigueiredo.pa.gov.br\/site\/20-de-maio-dia-do-pedagogo\/\" \/>\n<meta property=\"og:locale\" content=\"pt_BR\" \/>\n<meta property=\"og:type\" content=\"article\" \/>\n<meta property=\"og:title\" content=\"20 de maio, Dia do Pedagogo. - Prefeitura Municipal de Abel Figueiredo | Gest\u00e3o 2025-2028\" \/>\n<meta property=\"og:description\" content=\"Pedagogo, como dizia Paulo Freire, &#8220;Ensinar n\u00e3o \u00e9 transferir conhecimento, mas criar as possibilidades para a sua pr\u00f3pria produ\u00e7\u00e3o ou a sua constru\u00e7\u00e3o&#8221;. &#8220;Feliz aquele que transfere o que sabe e aprende o que ensina.\u00a0Parab\u00e9ns, pedagogo.&#8221; #prefeituradeabel #secdeeducacao #trabalhandoparaopovo\" \/>\n<meta property=\"og:url\" content=\"https:\/\/abelfigueiredo.pa.gov.br\/site\/20-de-maio-dia-do-pedagogo\/\" \/>\n<meta property=\"og:site_name\" content=\"Prefeitura Municipal de Abel Figueiredo | Gest\u00e3o 2025-2028\" \/>\n<meta property=\"article:published_time\" content=\"2022-05-20T18:52:06+00:00\" \/>\n<meta property=\"og:image\" content=\"https:\/\/abelfigueiredo.pa.gov.br\/wp-content\/uploads\/2022\/05\/282291688_393368742706873_8672838958701705635_n-271x300.jpg\" \/>\n<meta name=\"author\" content=\"cr2-admin7\" \/>\n<meta name=\"twitter:label1\" content=\"Escrito por\" \/>\n\t<meta name=\"twitter:data1\" content=\"cr2-admin7\" \/>\n<script type=\"application\/ld+json\" class=\"yoast-schema-graph\">{\"@context\":\"https:\/\/schema.org\",\"@graph\":[{\"@type\":\"WebPage\",\"@id\":\"https:\/\/abelfigueiredo.pa.gov.br\/site\/20-de-maio-dia-do-pedagogo\/\",\"url\":\"https:\/\/abelfigueiredo.pa.gov.br\/site\/20-de-maio-dia-do-pedagogo\/\",\"name\":\"20 de maio, Dia do Pedagogo. - Prefeitura Municipal de Abel Figueiredo | Gest\u00e3o 2025-2028\",\"isPartOf\":{\"@id\":\"https:\/\/abelfigueiredo.pa.gov.br\/site\/#website\"},\"primaryImageOfPage\":{\"@id\":\"https:\/\/abelfigueiredo.pa.gov.br\/site\/20-de-maio-dia-do-pedagogo\/#primaryimage\"},\"image\":{\"@id\":\"https:\/\/abelfigueiredo.pa.gov.br\/site\/20-de-maio-dia-do-pedagogo\/#primaryimage\"},\"thumbnailUrl\":\"\",\"datePublished\":\"2022-05-20T18:52:06+00:00\",\"author\":{\"@id\":\"https:\/\/abelfigueiredo.pa.gov.br\/site\/#\/schema\/person\/8ad42264973e06f0c04ce0da9b13d6eb\"},\"inLanguage\":\"pt-BR\",\"potentialAction\":[{\"@type\":\"ReadAction\",\"target\":[\"https:\/\/abelfigueiredo.pa.gov.br\/site\/20-de-maio-dia-do-pedagogo\/\"]}]},{\"@type\":\"ImageObject\",\"inLanguage\":\"pt-BR\",\"@id\":\"https:\/\/abelfigueiredo.pa.gov.br\/site\/20-de-maio-dia-do-pedagogo\/#primaryimage\",\"url\":\"\",\"contentUrl\":\"\"},{\"@type\":\"WebSite\",\"@id\":\"https:\/\/abelfigueiredo.pa.gov.br\/site\/#website\",\"url\":\"https:\/\/abelfigueiredo.pa.gov.br\/site\/\",\"name\":\"Prefeitura Municipal de Abel Figueiredo | Gest\u00e3o 2025-2028\",\"description\":\"Site oficial da Prefeitura Municipal de Abel Figueiredo\",\"potentialAction\":[{\"@type\":\"SearchAction\",\"target\":{\"@type\":\"EntryPoint\",\"urlTemplate\":\"https:\/\/abelfigueiredo.pa.gov.br\/site\/?s={search_term_string}\"},\"query-input\":{\"@type\":\"PropertyValueSpecification\",\"valueRequired\":true,\"valueName\":\"search_term_string\"}}],\"inLanguage\":\"pt-BR\"},{\"@type\":\"Person\",\"@id\":\"https:\/\/abelfigueiredo.pa.gov.br\/site\/#\/schema\/person\/8ad42264973e06f0c04ce0da9b13d6eb\",\"name\":\"cr2-admin7\",\"image\":{\"@type\":\"ImageObject\",\"inLanguage\":\"pt-BR\",\"@id\":\"https:\/\/abelfigueiredo.pa.gov.br\/site\/#\/schema\/person\/image\/\",\"url\":\"https:\/\/secure.gravatar.com\/avatar\/7e0402aa11e91bb8aa8a7c6b64146517a7337d48fdac50e07c495efd61016444?s=96&d=mm&r=g\",\"contentUrl\":\"https:\/\/secure.gravatar.com\/avatar\/7e0402aa11e91bb8aa8a7c6b64146517a7337d48fdac50e07c495efd61016444?s=96&d=mm&r=g\",\"caption\":\"cr2-admin7\"},\"url\":\"https:\/\/abelfigueiredo.pa.gov.br\/site\/author\/cr2-admin7\/\"}]}<\/script>\n<!-- \/ Yoast SEO plugin. -->","yoast_head_json":{"title":"20 de maio, Dia do Pedagogo. - Prefeitura Municipal de Abel Figueiredo | Gest\u00e3o 2025-2028","robots":{"index":"index","follow":"follow","max-snippet":"max-snippet:-1","max-image-preview":"max-image-preview:large","max-video-preview":"max-video-preview:-1"},"canonical":"https:\/\/abelfigueiredo.pa.gov.br\/site\/20-de-maio-dia-do-pedagogo\/","og_locale":"pt_BR","og_type":"article","og_title":"20 de maio, Dia do Pedagogo. - Prefeitura Municipal de Abel Figueiredo | Gest\u00e3o 2025-2028","og_description":"Pedagogo, como dizia Paulo Freire, &#8220;Ensinar n\u00e3o \u00e9 transferir conhecimento, mas criar as possibilidades para a sua pr\u00f3pria produ\u00e7\u00e3o ou a sua constru\u00e7\u00e3o&#8221;. &#8220;Feliz aquele que transfere o que sabe e aprende o que ensina.\u00a0Parab\u00e9ns, pedagogo.&#8221; #prefeituradeabel #secdeeducacao #trabalhandoparaopovo","og_url":"https:\/\/abelfigueiredo.pa.gov.br\/site\/20-de-maio-dia-do-pedagogo\/","og_site_name":"Prefeitura Municipal de Abel Figueiredo | Gest\u00e3o 2025-2028","article_published_time":"2022-05-20T18:52:06+00:00","og_image":[{"url":"https:\/\/abelfigueiredo.pa.gov.br\/wp-content\/uploads\/2022\/05\/282291688_393368742706873_8672838958701705635_n-271x300.jpg","type":"","width":"","height":""}],"author":"cr2-admin7","twitter_misc":{"Escrito por":"cr2-admin7"},"schema":{"@context":"https:\/\/schema.org","@graph":[{"@type":"WebPage","@id":"https:\/\/abelfigueiredo.pa.gov.br\/site\/20-de-maio-dia-do-pedagogo\/","url":"https:\/\/abelfigueiredo.pa.gov.br\/site\/20-de-maio-dia-do-pedagogo\/","name":"20 de maio, Dia do Pedagogo. - Prefeitura Municipal de Abel Figueiredo | Gest\u00e3o 2025-2028","isPartOf":{"@id":"https:\/\/abelfigueiredo.pa.gov.br\/site\/#website"},"primaryImageOfPage":{"@id":"https:\/\/abelfigueiredo.pa.gov.br\/site\/20-de-maio-dia-do-pedagogo\/#primaryimage"},"image":{"@id":"https:\/\/abelfigueiredo.pa.gov.br\/site\/20-de-maio-dia-do-pedagogo\/#primaryimage"},"thumbnailUrl":"","datePublished":"2022-05-20T18:52:06+00:00","author":{"@id":"https:\/\/abelfigueiredo.pa.gov.br\/site\/#\/schema\/person\/8ad42264973e06f0c04ce0da9b13d6eb"},"inLanguage":"pt-BR","potentialAction":[{"@type":"ReadAction","target":["https:\/\/abelfigueiredo.pa.gov.br\/site\/20-de-maio-dia-do-pedagogo\/"]}]},{"@type":"ImageObject","inLanguage":"pt-BR","@id":"https:\/\/abelfigueiredo.pa.gov.br\/site\/20-de-maio-dia-do-pedagogo\/#primaryimage","url":"","contentUrl":""},{"@type":"WebSite","@id":"https:\/\/abelfigueiredo.pa.gov.br\/site\/#website","url":"https:\/\/abelfigueiredo.pa.gov.br\/site\/","name":"Prefeitura Municipal de Abel Figueiredo | Gest\u00e3o 2025-2028","description":"Site oficial da Prefeitura Municipal de Abel Figueiredo","potentialAction":[{"@type":"SearchAction","target":{"@type":"EntryPoint","urlTemplate":"https:\/\/abelfigueiredo.pa.gov.br\/site\/?s={search_term_string}"},"query-input":{"@type":"PropertyValueSpecification","valueRequired":true,"valueName":"search_term_string"}}],"inLanguage":"pt-BR"},{"@type":"Person","@id":"https:\/\/abelfigueiredo.pa.gov.br\/site\/#\/schema\/person\/8ad42264973e06f0c04ce0da9b13d6eb","name":"cr2-admin7","image":{"@type":"ImageObject","inLanguage":"pt-BR","@id":"https:\/\/abelfigueiredo.pa.gov.br\/site\/#\/schema\/person\/image\/","url":"https:\/\/secure.gravatar.com\/avatar\/7e0402aa11e91bb8aa8a7c6b64146517a7337d48fdac50e07c495efd61016444?s=96&d=mm&r=g","contentUrl":"https:\/\/secure.gravatar.com\/avatar\/7e0402aa11e91bb8aa8a7c6b64146517a7337d48fdac50e07c495efd61016444?s=96&d=mm&r=g","caption":"cr2-admin7"},"url":"https:\/\/abelfigueiredo.pa.gov.br\/site\/author\/cr2-admin7\/"}]}},"_links":{"self":[{"href":"https:\/\/abelfigueiredo.pa.gov.br\/site\/wp-json\/wp\/v2\/posts\/10194","targetHints":{"allow":["GET"]}}],"collection":[{"href":"https:\/\/abelfigueiredo.pa.gov.br\/site\/wp-json\/wp\/v2\/posts"}],"about":[{"href":"https:\/\/abelfigueiredo.pa.gov.br\/site\/wp-json\/wp\/v2\/types\/post"}],"author":[{"embeddable":true,"href":"https:\/\/abelfigueiredo.pa.gov.br\/site\/wp-json\/wp\/v2\/users\/25"}],"replies":[{"embeddable":true,"href":"https:\/\/abelfigueiredo.pa.gov.br\/site\/wp-json\/wp\/v2\/comments?post=10194"}],"version-history":[{"count":0,"href":"https:\/\/abelfigueiredo.pa.gov.br\/site\/wp-json\/wp\/v2\/posts\/10194\/revisions"}],"wp:featuredmedia":[{"embeddable":true,"href":"https:\/\/abelfigueiredo.pa.gov.br\/site\/wp-json\/"}],"wp:attachment":[{"href":"https:\/\/abelfigueiredo.pa.gov.br\/site\/wp-json\/wp\/v2\/media?parent=10194"}],"wp:term":[{"taxonomy":"category","embeddable":true,"href":"https:\/\/abelfigueiredo.pa.gov.br\/site\/wp-json\/wp\/v2\/categories?post=10194"},{"taxonomy":"post_tag","embeddable":true,"href":"https:\/\/abelfigueiredo.pa.gov.br\/site\/wp-json\/wp\/v2\/tags?post=10194"}],"curies":[{"name":"wp","href":"https:\/\/api.w.org\/{rel}","templated":true}]}}